{"id":10249,"date":"2017-10-20T14:58:56","date_gmt":"2017-10-20T14:58:56","guid":{"rendered":"http:\/\/centralmedia.rs\/?p=10249"},"modified":"2017-10-20T14:58:56","modified_gmt":"2017-10-20T14:58:56","slug":"cuprija-u-ritmu-evrope-ambasador-norveske-posetice-grad-na-moravi","status":"publish","type":"post","link":"https:\/\/centralmedia.rs\/index.php\/2017\/10\/20\/cuprija-u-ritmu-evrope-ambasador-norveske-posetice-grad-na-moravi\/","title":{"rendered":"\u0106UPRIJA U ,,RITMU EVROPE&#8221; &#8211; Ambasador Norve\u0161ke poseti\u0107e grad na Moravi"},"content":{"rendered":"<p>\u0106UPRIJA- Op\u0161tina \u0106uprija potpisala je ugovor o u\u010de\u0161\u0107u na manifestaciji ,,Srbija u ritmu Evrope&#8221;, koji pored u\u010de\u0161\u0107a dece na toj manifestaciji, podrazumeva i partnerstvo\u00a0 ambasadora, tako da \u0107e taj grad posetiti ambasador Norve\u0161ke .<\/p>\n<p>-Ose\u0107am se kao doma\u0107in manifestacije, jer kada smo pobedili i posle organizovali finalno takmi\u010denje, postali smo promoteri ,,Srbija u ritmu Evrope&#8221;. \u017delja nam je bila da \u0161to ve\u0107i broj op\u0161tina krene tim stopama, da decu uklju\u010de u dodatnu edukaciju. Sre\u0107an sam \u0161to smo i ove godine potpisali ugovor. Veliki broj ambasadora EU je posetio \u0106upriju zahvaljuju\u0107i ovoj organizaciji. Sada o\u010dekujemo ambasadora Norve\u0161ke u \u0106upriji, rekao je predsednik te op\u0161tine Ninoslav Eri\u0107.<\/p>\n<p>Organizator te manifestacije Igor Karadarevi\u0107 potvrdio je da \u0107e prijatelj dece \u0106uprije biti ambasador Norve\u0161ke.<\/p>\n<p>-Hvala \u0106upriji zato \u0161to ,,Srbija u ritmu Evrope&#8221; zbog vas postoji ovoliko godina i zato \u0161to drugima pokazujete na svom primeru da je ovo tradicionalna manifestacija, rekao je on zahvalju\u0107i se \u0106upriji na u\u010de\u0161\u0107u.<\/p>\n<p>Prva srpska televezija u junu 2018. godine iz Ni\u0161a prenosi\u0107e finalno takmi\u010denje.<\/p>\n","protected":false},"excerpt":{"rendered":"<p>\u0106UPRIJA- Op\u0161tina \u0106uprija potpisala je ugovor o u\u010de\u0161\u0107u na manifestaciji ,,Srbija u ritmu Evrope&#8221;, koji pored u\u010de\u0161\u0107a dece na toj manifestaciji, podrazumeva i partnerstvo\u00a0 ambasadora, &hellip; <\/p>\n","protected":false},"author":4,"featured_media":10250,"comment_status":"open","ping_status":"open","sticky":false,"template":"","format":"standard","meta":{"footnotes":""},"categories":[1515,1524,2,15,887,12],"tags":[44,895],"_links":{"self":[{"href":"https:\/\/centralmedia.rs\/index.php\/wp-json\/wp\/v2\/posts\/10249"}],"collection":[{"href":"https:\/\/centralmedia.rs\/index.php\/wp-json\/wp\/v2\/posts"}],"about":[{"href":"https:\/\/centralmedia.rs\/index.php\/wp-json\/wp\/v2\/types\/post"}],"author":[{"embeddable":true,"href":"https:\/\/centralmedia.rs\/index.php\/wp-json\/wp\/v2\/users\/4"}],"replies":[{"embeddable":true,"href":"https:\/\/centralmedia.rs\/index.php\/wp-json\/wp\/v2\/comments?post=10249"}],"version-history":[{"count":1,"href":"https:\/\/centralmedia.rs\/index.php\/wp-json\/wp\/v2\/posts\/10249\/revisions"}],"predecessor-version":[{"id":10251,"href":"https:\/\/centralmedia.rs\/index.php\/wp-json\/wp\/v2\/posts\/10249\/revisions\/10251"}],"wp:featuredmedia":[{"embeddable":true,"href":"https:\/\/centralmedia.rs\/index.php\/wp-json\/wp\/v2\/media\/10250"}],"wp:attachment":[{"href":"https:\/\/centralmedia.rs\/index.php\/wp-json\/wp\/v2\/media?parent=10249"}],"wp:term":[{"taxonomy":"category","embeddable":true,"href":"https:\/\/centralmedia.rs\/index.php\/wp-json\/wp\/v2\/categories?post=10249"},{"taxonomy":"post_tag","embeddable":true,"href":"https:\/\/centralmedia.rs\/index.php\/wp-json\/wp\/v2\/tags?post=10249"}],"curies":[{"name":"wp","href":"https:\/\/api.w.org\/{rel}","templated":true}]}}