{"id":1025,"date":"2015-10-26T16:54:00","date_gmt":"2015-10-26T16:54:00","guid":{"rendered":"http:\/\/centralmedia.rs\/?p=1025"},"modified":"2015-10-27T20:49:08","modified_gmt":"2015-10-27T20:49:08","slug":"treci-slucaj-klostridije","status":"publish","type":"post","link":"https:\/\/centralmedia.rs\/index.php\/2015\/10\/26\/treci-slucaj-klostridije\/","title":{"rendered":"TRE\u0106I SLU\u010cAJ KLOSTRIDIJE"},"content":{"rendered":"<p>MINISTARSTVO ZDRAVLJA KONTROLI\u0160E RAD \u0106UPRIJSKE BOLNICE TEK POSLE OSAM DANA<\/p>\n<p>\u0106UPRIJA-Ministarstvo zdravlja potvrdilo je u ponedeljak da je u Op\u0161toj bolnici u \u0106upriji na Odeljenju ortopedije potvr\u0111en tre\u0107i slu\u010daj opasne bakterije klostridije, koja je izlovana kod jedne starije pacijentkinje, a tek danas je to ministarstvo, osam dana posle smrtnog slu\u010daja, po\u010delo kontrolu rada te bolnice. Portparol tog ministarstva Nemanja Veliki\u0107 naveo je da su danas epidemiolozi Zavoda za javno zdravlje i sanitarni inspektori uzeli briseve sa Odeljenja ortopedije uz poruku da ne treba \u0161iriti pani\u010dne informacije, jer je situacija pod kontrolom.<br \/>\n<figure id=\"attachment_1032\" aria-describedby=\"caption-attachment-1032\" style=\"width: 205px\" class=\"wp-caption alignnone\"><a href=\"https:\/\/centralmedia.rs\/wp-content\/uploads\/2015\/10\/dr-marko-iliic-cuprija-g.j..jpg\"><img loading=\"lazy\" decoding=\"async\" src=\"https:\/\/centralmedia.rs\/wp-content\/uploads\/2015\/10\/dr-marko-iliic-cuprija-g.j.-205x300.jpg\" alt=\"dr Marko Ili\u0107 \" width=\"205\" height=\"300\" class=\"size-medium wp-image-1032\" srcset=\"https:\/\/centralmedia.rs\/wp-content\/uploads\/2015\/10\/dr-marko-iliic-cuprija-g.j.-205x300.jpg 205w, https:\/\/centralmedia.rs\/wp-content\/uploads\/2015\/10\/dr-marko-iliic-cuprija-g.j..jpg 285w\" sizes=\"(max-width: 205px) 100vw, 205px\" \/><\/a><figcaption id=\"caption-attachment-1032\" class=\"wp-caption-text\">dr Marko Ili\u0107<\/figcaption><\/figure><br \/>\n\t-Obavljen je vanredni sanitarni nadzor na Odeljenju ortopedije, zbog sumnje na infekciju klostridijom. Uzeti brisevi sa inventara i osoblja, preliminarni rezultati \u0107e biti poznati za dva dana. Na osnovu toga i mera koje bude nalo\u017eio sanitarni inspektor bi\u0107e preduzimane dalje radnje. Dve bolesnice sa potvr\u0111enom klostridijom su do danas bile na odeljenju, jedna je izle\u010dena i odpu\u0161tena iz bolnice na ku\u0107no le\u010denje, druga \u0107e biti na ku\u0107nom le\u010denju narednih dana. Me\u0111utim, danas je potvr\u0111ena klostridija kod nove pacijentkinje, rekao je direktor bolnice dr Marko Ili\u0107 i dodao da su u proteklih mesec i po dana potvr\u0111ene \u010detiri infekcije klostridijom, ali da je situacije pod kontrolom i da epidemija nije progla\u0161ena.<br \/>\nSkandalozna je \u010dinjenica da su nadle\u017ene slu\u017ebe i Ministarstvo zdravlja tek danas,  osam dana posle smrtnog slu\u010daja, po\u010deli kontrolu rada u \u0107uprijskoj bolnici. Pro\u0161log ponedeljka u toj bolnici preminula je Dragica Pavli\u010devi\u0107 (52) iz \u0106uprije, kod koje je potvr\u0111ena infekcija klostridijom. Nalaz sa obdukcije pokojnice bi\u0107e poznat u sredu ili \u010detvrtak. Dr Marko Ili\u0107 danas je formirao Komisiju za unutra\u0161nji i stru\u010dni nadzor. Zdravstveni inspektor je u petak sa\u010dinio  izve\u0161taj na osnovnu dokumentacije koja mu je predstavljena.<\/p>\n","protected":false},"excerpt":{"rendered":"<p>MINISTARSTVO ZDRAVLJA KONTROLI\u0160E RAD \u0106UPRIJSKE BOLNICE TEK POSLE OSAM DANA \u0106UPRIJA-Ministarstvo zdravlja potvrdilo je u ponedeljak da je u Op\u0161toj bolnici u \u0106upriji na Odeljenju &hellip; <\/p>\n","protected":false},"author":4,"featured_media":660,"comment_status":"open","ping_status":"open","sticky":false,"template":"","format":"standard","meta":{"footnotes":""},"categories":[20],"tags":[135,44,174],"_links":{"self":[{"href":"https:\/\/centralmedia.rs\/index.php\/wp-json\/wp\/v2\/posts\/1025"}],"collection":[{"href":"https:\/\/centralmedia.rs\/index.php\/wp-json\/wp\/v2\/posts"}],"about":[{"href":"https:\/\/centralmedia.rs\/index.php\/wp-json\/wp\/v2\/types\/post"}],"author":[{"embeddable":true,"href":"https:\/\/centralmedia.rs\/index.php\/wp-json\/wp\/v2\/users\/4"}],"replies":[{"embeddable":true,"href":"https:\/\/centralmedia.rs\/index.php\/wp-json\/wp\/v2\/comments?post=1025"}],"version-history":[{"count":0,"href":"https:\/\/centralmedia.rs\/index.php\/wp-json\/wp\/v2\/posts\/1025\/revisions"}],"wp:featuredmedia":[{"embeddable":true,"href":"https:\/\/centralmedia.rs\/index.php\/wp-json\/wp\/v2\/media\/660"}],"wp:attachment":[{"href":"https:\/\/centralmedia.rs\/index.php\/wp-json\/wp\/v2\/media?parent=1025"}],"wp:term":[{"taxonomy":"category","embeddable":true,"href":"https:\/\/centralmedia.rs\/index.php\/wp-json\/wp\/v2\/categories?post=1025"},{"taxonomy":"post_tag","embeddable":true,"href":"https:\/\/centralmedia.rs\/index.php\/wp-json\/wp\/v2\/tags?post=1025"}],"curies":[{"name":"wp","href":"https:\/\/api.w.org\/{rel}","templated":true}]}}