{"id":10273,"date":"2017-10-24T15:49:00","date_gmt":"2017-10-24T15:49:00","guid":{"rendered":"http:\/\/centralmedia.rs\/?p=10273"},"modified":"2017-10-24T15:49:00","modified_gmt":"2017-10-24T15:49:00","slug":"rodjendan-decijeg-hora-dar","status":"publish","type":"post","link":"https:\/\/centralmedia.rs\/index.php\/2017\/10\/24\/rodjendan-decijeg-hora-dar\/","title":{"rendered":"RO\u0110ENDAN DE\u010cIJEG HORA ,,DAR&#8221;"},"content":{"rendered":"<p>PARA\u0106IN-De\u010diji hor &#8220;Dar&#8221; iz Para\u0107ina slavi 6 godina od osnivanja i 2 godine rada u \u0106upriji. Tim povodom hor organizuje Slavljeni\u010dki koncert &#8220;Pevaj da te ceo svet razume&#8221;. <a href=\"https:\/\/centralmedia.rs\/wp-content\/uploads\/2017\/10\/dar.jpg\"><img loading=\"lazy\" decoding=\"async\" class=\"alignright size-medium wp-image-10275\" src=\"https:\/\/centralmedia.rs\/wp-content\/uploads\/2017\/10\/dar-300x170.jpg\" alt=\"\" width=\"300\" height=\"170\" srcset=\"https:\/\/centralmedia.rs\/wp-content\/uploads\/2017\/10\/dar-300x170.jpg 300w, https:\/\/centralmedia.rs\/wp-content\/uploads\/2017\/10\/dar-768x435.jpg 768w, https:\/\/centralmedia.rs\/wp-content\/uploads\/2017\/10\/dar-1024x580.jpg 1024w, https:\/\/centralmedia.rs\/wp-content\/uploads\/2017\/10\/dar.jpg 1060w\" sizes=\"(max-width: 300px) 100vw, 300px\" \/><\/a>Koncert je deo projekta koji je podr\u017ealo Ministarstvo kulture, a cilj projekta je upoznavanje dece sa kulturama drugih zemalja, pa su tokom leta za \u010dlanove hora odr\u017eane radionice na razli\u010ditim stranim jezicima. Koncert je zakazan za sredu, od 19 sati, u sali para\u0107inskog Pozori\u0161ta. Ulaz je slobodan, kao i svi koncerti tog hora. Hor &#8220;Dar&#8221; je odlu\u010dio da podr\u017ei humanitarnu akciju koja je organizovana za devoj\u010dicu Milicu Cvetkovi\u0107, pa \u0107e publika imati priliku da umesto ulaznica ostavi dobrovoljni prilog.<\/p>\n","protected":false},"excerpt":{"rendered":"<p>PARA\u0106IN-De\u010diji hor &#8220;Dar&#8221; iz Para\u0107ina slavi 6 godina od osnivanja i 2 godine rada u \u0106upriji. Tim povodom hor organizuje Slavljeni\u010dki koncert &#8220;Pevaj da te &hellip; <\/p>\n","protected":false},"author":4,"featured_media":10274,"comment_status":"open","ping_status":"open","sticky":false,"template":"","format":"standard","meta":{"footnotes":""},"categories":[1524,2,15,1516,887,12],"tags":[44,1871,156],"_links":{"self":[{"href":"https:\/\/centralmedia.rs\/index.php\/wp-json\/wp\/v2\/posts\/10273"}],"collection":[{"href":"https:\/\/centralmedia.rs\/index.php\/wp-json\/wp\/v2\/posts"}],"about":[{"href":"https:\/\/centralmedia.rs\/index.php\/wp-json\/wp\/v2\/types\/post"}],"author":[{"embeddable":true,"href":"https:\/\/centralmedia.rs\/index.php\/wp-json\/wp\/v2\/users\/4"}],"replies":[{"embeddable":true,"href":"https:\/\/centralmedia.rs\/index.php\/wp-json\/wp\/v2\/comments?post=10273"}],"version-history":[{"count":1,"href":"https:\/\/centralmedia.rs\/index.php\/wp-json\/wp\/v2\/posts\/10273\/revisions"}],"predecessor-version":[{"id":10276,"href":"https:\/\/centralmedia.rs\/index.php\/wp-json\/wp\/v2\/posts\/10273\/revisions\/10276"}],"wp:featuredmedia":[{"embeddable":true,"href":"https:\/\/centralmedia.rs\/index.php\/wp-json\/wp\/v2\/media\/10274"}],"wp:attachment":[{"href":"https:\/\/centralmedia.rs\/index.php\/wp-json\/wp\/v2\/media?parent=10273"}],"wp:term":[{"taxonomy":"category","embeddable":true,"href":"https:\/\/centralmedia.rs\/index.php\/wp-json\/wp\/v2\/categories?post=10273"},{"taxonomy":"post_tag","embeddable":true,"href":"https:\/\/centralmedia.rs\/index.php\/wp-json\/wp\/v2\/tags?post=10273"}],"curies":[{"name":"wp","href":"https:\/\/api.w.org\/{rel}","templated":true}]}}