{"id":10296,"date":"2017-10-25T13:22:29","date_gmt":"2017-10-25T13:22:29","guid":{"rendered":"http:\/\/centralmedia.rs\/?p=10296"},"modified":"2017-10-25T13:22:29","modified_gmt":"2017-10-25T13:22:29","slug":"u-cupriji-jagodini-obelezeno-99-godina-oslobodjenja-u-prvom-svetskom-ratu","status":"publish","type":"post","link":"https:\/\/centralmedia.rs\/index.php\/2017\/10\/25\/u-cupriji-jagodini-obelezeno-99-godina-oslobodjenja-u-prvom-svetskom-ratu\/","title":{"rendered":"U \u0106UPRIJI I JAGODINI &#8211; Obele\u017eeno 99 godina oslobo\u0111enja u prvom svetskom ratu"},"content":{"rendered":"<p>\u0106UPRIJA-\u0106uprija i Jagodina danas su obele\u017eile 99 godina od oslobo\u0111enja u prvom svetskom ratu. Parastosom ispred spomenika poginulima u centru \u0106uprije, polaganje venaca i minutom \u0107utanja odata je po\u0161ta \u017ertvama i poginulima za oslobo\u0111enje tog grada. Gimnazijalci su tradicionalno \u00a0pristvovali \u010dasu istorije.<\/p>\n<p>-Pre 99 godina, 25. oktobra 1918. godine pod komandom vojvode Petra Bojovi\u0107a oslobo\u0111eni su \u0106uprija i Jagodina. Sa Moravskom divizijom u stroju mar\u0161irala je narednik iz Gvozdenog puka Milinka Savi\u0107. Ona je nosila 12 odlikovanja za hrabrost, ranjena je 9 puta, kazali su predstavnici SUBNOR-a.<a href=\"https:\/\/centralmedia.rs\/wp-content\/uploads\/2017\/10\/cuprija-1.jpg\"><img loading=\"lazy\" decoding=\"async\" class=\"alignright size-medium wp-image-10298\" src=\"https:\/\/centralmedia.rs\/wp-content\/uploads\/2017\/10\/cuprija-1-300x214.jpg\" alt=\"\" width=\"300\" height=\"214\" srcset=\"https:\/\/centralmedia.rs\/wp-content\/uploads\/2017\/10\/cuprija-1-300x214.jpg 300w, https:\/\/centralmedia.rs\/wp-content\/uploads\/2017\/10\/cuprija-1-768x549.jpg 768w, https:\/\/centralmedia.rs\/wp-content\/uploads\/2017\/10\/cuprija-1-100x70.jpg 100w, https:\/\/centralmedia.rs\/wp-content\/uploads\/2017\/10\/cuprija-1.jpg 900w\" sizes=\"(max-width: 300px) 100vw, 300px\" \/><\/a><\/p>\n<p>Direktor Gimnazije Darko Miljani\u0107 izveo maturante da odaju po\u010dast poginulim ratnicima.<\/p>\n<p>-\u010cast je da na\u0161i \u0111aci budu deo obele\u017eavanja 99 godina od oslobo\u0111enja Pomoravlja. Oni iskazuju po\u0161tovanje prema herojskim postignu\u0107ima, a ujedno podse\u0107amo na va\u017enost obele\u017eavanja va\u017enih datuma za grad i uop\u0161te istoriju nacije. Skrajnuti datume oslobodila\u010dkih ratova zbog ideologije to je sumanuta stvar, ali to je \u010dinjenica. Po\u010deli smo poslednjih godina da decu dovodimo pored spomenika i da ih u\u010dimo tim datumima. Taj namerni zaborav, koji se ranije doga\u0111ao, je sulodo za jedan narod, jer povla\u010di gubljene identitera. Mlade sada vra\u0107amo na ta mesta i te datume da bi im usadili samopo\u0161tovanje, podsetili na heroje i istoriju, rekao je Miljani\u0107.<\/p>\n<p>U Jagodini su polo\u017eeni venci na spomenike oslobodicioma u prvom svetskom ratu.<\/p>\n","protected":false},"excerpt":{"rendered":"<p>\u0106UPRIJA-\u0106uprija i Jagodina danas su obele\u017eile 99 godina od oslobo\u0111enja u prvom svetskom ratu. Parastosom ispred spomenika poginulima u centru \u0106uprije, polaganje venaca i minutom &hellip; <\/p>\n","protected":false},"author":4,"featured_media":10297,"comment_status":"open","ping_status":"open","sticky":false,"template":"","format":"standard","meta":{"footnotes":""},"categories":[1515,14,1524,2,887,12],"tags":[44,2432,2431],"_links":{"self":[{"href":"https:\/\/centralmedia.rs\/index.php\/wp-json\/wp\/v2\/posts\/10296"}],"collection":[{"href":"https:\/\/centralmedia.rs\/index.php\/wp-json\/wp\/v2\/posts"}],"about":[{"href":"https:\/\/centralmedia.rs\/index.php\/wp-json\/wp\/v2\/types\/post"}],"author":[{"embeddable":true,"href":"https:\/\/centralmedia.rs\/index.php\/wp-json\/wp\/v2\/users\/4"}],"replies":[{"embeddable":true,"href":"https:\/\/centralmedia.rs\/index.php\/wp-json\/wp\/v2\/comments?post=10296"}],"version-history":[{"count":1,"href":"https:\/\/centralmedia.rs\/index.php\/wp-json\/wp\/v2\/posts\/10296\/revisions"}],"predecessor-version":[{"id":10299,"href":"https:\/\/centralmedia.rs\/index.php\/wp-json\/wp\/v2\/posts\/10296\/revisions\/10299"}],"wp:featuredmedia":[{"embeddable":true,"href":"https:\/\/centralmedia.rs\/index.php\/wp-json\/wp\/v2\/media\/10297"}],"wp:attachment":[{"href":"https:\/\/centralmedia.rs\/index.php\/wp-json\/wp\/v2\/media?parent=10296"}],"wp:term":[{"taxonomy":"category","embeddable":true,"href":"https:\/\/centralmedia.rs\/index.php\/wp-json\/wp\/v2\/categories?post=10296"},{"taxonomy":"post_tag","embeddable":true,"href":"https:\/\/centralmedia.rs\/index.php\/wp-json\/wp\/v2\/tags?post=10296"}],"curies":[{"name":"wp","href":"https:\/\/api.w.org\/{rel}","templated":true}]}}