{"id":10301,"date":"2017-10-25T16:10:10","date_gmt":"2017-10-25T16:10:10","guid":{"rendered":"http:\/\/centralmedia.rs\/?p=10301"},"modified":"2017-10-25T16:10:10","modified_gmt":"2017-10-25T16:10:10","slug":"dragan-sormaz-ne-treba-ni-rusija-da-pritiska-srbiju","status":"publish","type":"post","link":"https:\/\/centralmedia.rs\/index.php\/2017\/10\/25\/dragan-sormaz-ne-treba-ni-rusija-da-pritiska-srbiju\/","title":{"rendered":"DRAGAN \u0160ORMAZ : NE TREBA NI RUSIJA DA PRITISKA SRBIJU"},"content":{"rendered":"<p>JAGODINA- \u0160ef delegacije Srbije pri Parlamentarnoj skup\u0161tini NATO Dragan \u0160ormaz izjavio je u Jagodini da se sla\u017ee se sa saop\u0161tenjem Rusije da SAD ne treba da vr\u0161e pritisak na Srbiju, ali ne treba ni Rusija da to radi na isti na\u010din.<\/p>\n<p>-Kao \u0161to Rusi ka\u017eu da SAD ne treba da pritiska Srbiju, tako ni oni ne treba pritiskaju Srbiju. \u0160ta \u0107e vatrogascima iz Rusije diplomatski status u Srbiji?Ovo \u0161to se tra\u017ei za Humanitarni centar u Ni\u0161u, po mom mi\u0161ljenju i ovo odvajam kao moje mi\u0161ljenje, je potpuno nelogi\u010dno, nepravno i ne treba da se tome iza\u0111e u susret. To je vrsta pritiska, ali opet to je stvar Srbije i niko iz bilo koje dr\u017eave, pa ni SAD, nema pravo da nam oko toga dr\u017ei lekcije. Mi \u0107emo sami tim pitanjem da se pozabavimo, naglasio je on.<\/p>\n<p>Ministarstvo spoljnih poslova Ruske Federacije saop\u0161tilo je da SAD ne treba vr\u0161e pritisak na Srbiju, misle\u0107i na izjave pomo\u0107nika dr\u017eavnog sekretara SAD Brajan Hojt \u00a0Jija koji je proteklih dana bio u poseti Srbiji i sastao se zvani\u010dnicima i predstavnicima opozicije.<\/p>\n<p>&#8211; Mene nisu iznenadili izjave pomo\u0107nika dr\u017eavnog sekretara SAD Brajan Hojt \u00a0Jika, o\u010dekivao sam ih kad, tad. Mo\u017eda tajming ne odgovara, mo\u017eda se ne\u0161to dogodilo, mo\u017eda je ne\u0161to lo\u0161e prene\u0161eno, ali mene\u00a0 to nije iznenadilo. Mislim da to nije moralo ni da bude upu\u0107eno, jer Srbija jasno ide ka Evropskoj uniji i nema nikakav problem sa tim, rekao je \u0160ormaz, koji je dodao da je Srbija je u u jesenjem izve\u0161taju NATO o zapadnom Balkanu predstavljena u najboljem svetlu.<\/p>\n<p>-Srbija vodi politiku vojne neutralnosti, ali itekako sara\u0111uje sa NATO. Za poslednjih pet godina imali smo 44 vojne ve\u017ebe sa vojskom SAD i u\u010destvovali smo u 23 NATO vojne ve\u017ebe, a imali smo 6 sa Rusijom. Malo je kod nas problem to \u0161to javnost \u00a0Srbije ne zna, odnosno nije na pravi na\u010din obave\u0161tena o svemu tome, koji je intezitet, nivo \u00a0i na koji na\u010din i sa kim sara\u0111ujemo, pojasnio je \u0160ormaz.<\/p>\n<p>On je ustvrdio da je nesporno je da Srbija, ne samo kandidat, ve\u0107 broj jedan kandidata ulazak u EU.<\/p>\n<p>-To su kazali Johanes Kan i \u017dan Klod Junker. Crna Gora je u\u0161la u NATO pa niko ne ka\u017ee da je kandidat broj jedan za ulazak u EU. To je \u010desto podmetanje u na\u0161oj javnosti, onih koji \u017eele da dovedu u pitanje put Srbije u EU, pa name\u0107u temu NATO koja u stvari ne postoji, navodi \u0160ormaz.<\/p>\n<p>On potvr\u0111uje da ,,su u NATO prezadovoljni saradnjom sa Srbijom, da nam ne upu\u0107uju bili kakav poziv da mi budem \u010dlan, niti to od nas tra\u017ee, niti mi to tra\u017eimo i nismo jedini&#8221;, te je naveo primere \u00a0\u0160vedske,Finske, Austrije &#8230; dok Irska ima daleko \u00a0manju saradnju sa NATO a \u010dlan je EU.<\/p>\n<p>-\u010clanstvo u NATO nije preduslov za \u010dlanstvo u EU, ali kada budemo u EU mora\u0107emo da bezbedonosnu i spoljnu politiku da vodimo na isti na\u010din. Mi smo deo te pri\u010de, ljudi na to moraju da se pripreme. Mi smo ve\u0107 deo ,,Hobruha&#8221;, borbenih jedinica EU, \u010dije je sedi\u0161te u Gr\u010dkoj. Mi smo dali jednu jedinicu. To zna\u010di da EU poku\u0161ava da razvije svoj bezbednostni sistem i mi \u0107emo tu biti. Taj sistem je u kooperaciji sa NATO. \u0160vedska i \u0160vajcarska nisu \u010dlanice NATO, ali sve zajedno rade. Imamo stvari koje nas o\u010dekuju i moramo toga da budemo svesni, \u0161to ne zna\u010di da \u0107emo biti \u010dlan NATO, niti da to \u017eelimo, isti\u010de \u0160ormaz.<\/p>\n<p>Povodom zahteva Rusije za davanje diplomatskog imuniteta pripadnicima Humanitarnog centra u Ni\u0161u, \u0160ormaz se zapitao ,,da li se u humanitarnom centru u Ni\u0161u nalaze vojnici ili vatrogasci iz Rusije?&#8221;<\/p>\n<p>-Jedno je me\u0111unarodno pravo, SOFA sporazum je\u00a0 u skladu sa me\u0111uanarodnim pravom, isti sporazum je Rusija potpisala sa NATO. Rusija je suspendovana zbog Ukrajine, ali se tako\u0111e nalazi u Parlamentarnoj skup\u0161tini NATO, partner je NATO, na vi\u0161em nivou saradnje su bili od nas godinama, imali su poseban organ Savet NATO-Rusija, to se promenilo sa Ukrajinskom krizom, zaklju\u010dio je \u0160ormaz.<\/p>\n<p>&nbsp;<\/p>\n","protected":false},"excerpt":{"rendered":"<p>JAGODINA- \u0160ef delegacije Srbije pri Parlamentarnoj skup\u0161tini NATO Dragan \u0160ormaz izjavio je u Jagodini da se sla\u017ee se sa saop\u0161tenjem Rusije da SAD ne treba &hellip; <\/p>\n","protected":false},"author":4,"featured_media":10302,"comment_status":"open","ping_status":"open","sticky":false,"template":"","format":"standard","meta":{"footnotes":""},"categories":[1524,2,1514,13,12],"tags":[2428,141,2433],"_links":{"self":[{"href":"https:\/\/centralmedia.rs\/index.php\/wp-json\/wp\/v2\/posts\/10301"}],"collection":[{"href":"https:\/\/centralmedia.rs\/index.php\/wp-json\/wp\/v2\/posts"}],"about":[{"href":"https:\/\/centralmedia.rs\/index.php\/wp-json\/wp\/v2\/types\/post"}],"author":[{"embeddable":true,"href":"https:\/\/centralmedia.rs\/index.php\/wp-json\/wp\/v2\/users\/4"}],"replies":[{"embeddable":true,"href":"https:\/\/centralmedia.rs\/index.php\/wp-json\/wp\/v2\/comments?post=10301"}],"version-history":[{"count":1,"href":"https:\/\/centralmedia.rs\/index.php\/wp-json\/wp\/v2\/posts\/10301\/revisions"}],"predecessor-version":[{"id":10303,"href":"https:\/\/centralmedia.rs\/index.php\/wp-json\/wp\/v2\/posts\/10301\/revisions\/10303"}],"wp:featuredmedia":[{"embeddable":true,"href":"https:\/\/centralmedia.rs\/index.php\/wp-json\/wp\/v2\/media\/10302"}],"wp:attachment":[{"href":"https:\/\/centralmedia.rs\/index.php\/wp-json\/wp\/v2\/media?parent=10301"}],"wp:term":[{"taxonomy":"category","embeddable":true,"href":"https:\/\/centralmedia.rs\/index.php\/wp-json\/wp\/v2\/categories?post=10301"},{"taxonomy":"post_tag","embeddable":true,"href":"https:\/\/centralmedia.rs\/index.php\/wp-json\/wp\/v2\/tags?post=10301"}],"curies":[{"name":"wp","href":"https:\/\/api.w.org\/{rel}","templated":true}]}}