{"id":10306,"date":"2017-10-26T19:48:08","date_gmt":"2017-10-26T19:48:08","guid":{"rendered":"http:\/\/centralmedia.rs\/?p=10306"},"modified":"2017-10-26T19:48:28","modified_gmt":"2017-10-26T19:48:28","slug":"svilajncu-prva-plaketa-generala-admirala","status":"publish","type":"post","link":"https:\/\/centralmedia.rs\/index.php\/2017\/10\/26\/svilajncu-prva-plaketa-generala-admirala\/","title":{"rendered":"SVILAJNCU PRVA PLAKETA GENERALA I ADMIRALA"},"content":{"rendered":"<p>SVILAJNAC-Prva Plaketa Kluba generala i admirala uru\u010dena je danas \u00a0op\u0161tini Svilajnac, a zahvalnica predsedniku op\u0161tine Predragu Milanovi\u0107u. Visoki oficiri Srbije odr\u017eali godi\u0161nju skup\u0161tinu u Svilajncu.<\/p>\n<p>-Danas su generali i admirali prvi put dodelili Plaketu, do sada nikome nije dodeljeno to priznanje. Delili su samo zahvalnice do sada. Bitno je i to da je prvi put da klub odr\u017eava svoju skup\u0161tinu van Beograda, rekao je general potpukovnik Milomir Miladinovi\u0107.<a href=\"https:\/\/centralmedia.rs\/wp-content\/uploads\/2017\/10\/generali.jpg\"><img loading=\"lazy\" decoding=\"async\" class=\"alignright size-medium wp-image-10308\" src=\"https:\/\/centralmedia.rs\/wp-content\/uploads\/2017\/10\/generali-300x225.jpg\" alt=\"\" width=\"300\" height=\"225\" srcset=\"https:\/\/centralmedia.rs\/wp-content\/uploads\/2017\/10\/generali-300x225.jpg 300w, https:\/\/centralmedia.rs\/wp-content\/uploads\/2017\/10\/generali-768x576.jpg 768w, https:\/\/centralmedia.rs\/wp-content\/uploads\/2017\/10\/generali-80x60.jpg 80w, https:\/\/centralmedia.rs\/wp-content\/uploads\/2017\/10\/generali-265x198.jpg 265w, https:\/\/centralmedia.rs\/wp-content\/uploads\/2017\/10\/generali.jpg 900w\" sizes=\"(max-width: 300px) 100vw, 300px\" \/><\/a><\/p>\n<p>Predsednik opo\u0161tine se zahvalio generalima i admiralima na priznanjima.<\/p>\n<p>-Slu\u017eio sam vojsku 1993\/1994 u 243. tenkovskoj brigadi na KIM, mnogi od vas su mi bili stare\u0161ine. I dalje imam vojni raspored, rekao je Milanovi\u0107.<\/p>\n<p>Generali i admirali su polo\u017eili vence i cve\u0107e na spomenike Mari Resavkinji i Stevanu Sin\u0111eli\u0107u.<\/p>\n","protected":false},"excerpt":{"rendered":"<p>SVILAJNAC-Prva Plaketa Kluba generala i admirala uru\u010dena je danas \u00a0op\u0161tini Svilajnac, a zahvalnica predsedniku op\u0161tine Predragu Milanovi\u0107u. Visoki oficiri Srbije odr\u017eali godi\u0161nju skup\u0161tinu u Svilajncu. &hellip; <\/p>\n","protected":false},"author":4,"featured_media":10307,"comment_status":"open","ping_status":"open","sticky":false,"template":"","format":"standard","meta":{"footnotes":""},"categories":[14,1524,2,887,12,1517],"tags":[2434,38],"_links":{"self":[{"href":"https:\/\/centralmedia.rs\/index.php\/wp-json\/wp\/v2\/posts\/10306"}],"collection":[{"href":"https:\/\/centralmedia.rs\/index.php\/wp-json\/wp\/v2\/posts"}],"about":[{"href":"https:\/\/centralmedia.rs\/index.php\/wp-json\/wp\/v2\/types\/post"}],"author":[{"embeddable":true,"href":"https:\/\/centralmedia.rs\/index.php\/wp-json\/wp\/v2\/users\/4"}],"replies":[{"embeddable":true,"href":"https:\/\/centralmedia.rs\/index.php\/wp-json\/wp\/v2\/comments?post=10306"}],"version-history":[{"count":2,"href":"https:\/\/centralmedia.rs\/index.php\/wp-json\/wp\/v2\/posts\/10306\/revisions"}],"predecessor-version":[{"id":10310,"href":"https:\/\/centralmedia.rs\/index.php\/wp-json\/wp\/v2\/posts\/10306\/revisions\/10310"}],"wp:featuredmedia":[{"embeddable":true,"href":"https:\/\/centralmedia.rs\/index.php\/wp-json\/wp\/v2\/media\/10307"}],"wp:attachment":[{"href":"https:\/\/centralmedia.rs\/index.php\/wp-json\/wp\/v2\/media?parent=10306"}],"wp:term":[{"taxonomy":"category","embeddable":true,"href":"https:\/\/centralmedia.rs\/index.php\/wp-json\/wp\/v2\/categories?post=10306"},{"taxonomy":"post_tag","embeddable":true,"href":"https:\/\/centralmedia.rs\/index.php\/wp-json\/wp\/v2\/tags?post=10306"}],"curies":[{"name":"wp","href":"https:\/\/api.w.org\/{rel}","templated":true}]}}