{"id":10314,"date":"2017-10-28T21:39:51","date_gmt":"2017-10-28T21:39:51","guid":{"rendered":"http:\/\/centralmedia.rs\/?p=10314"},"modified":"2017-10-28T21:39:51","modified_gmt":"2017-10-28T21:39:51","slug":"osvojio-sedam-zlatnih-medalja-na-sedam-takmicenja-otisao-u-penziju","status":"publish","type":"post","link":"https:\/\/centralmedia.rs\/index.php\/2017\/10\/28\/osvojio-sedam-zlatnih-medalja-na-sedam-takmicenja-otisao-u-penziju\/","title":{"rendered":"OSVOJIO SEDAM ZLATNIH MEDALJA NA SEDAM TAKMI\u010cENJA I OTI\u0160AO U PENZIJU"},"content":{"rendered":"<p>BEOGRAD-Sedma zlatna medalja na sedam takmi\u010denja, posle devetogodi\u0161nje pauze, to je skor legendarnog bodibildera Pe\u0111e Milo\u0161evi\u0107a (44) iz Jagodine. Poslednje zlato osvojeno je subotu uve\u010de na dr\u017eavnom prvenstvu u Beogradu u organizaciji IFBB. Milo\u0161evi\u0107 se takmi\u010dio u kategoriji do 80 kilograma i iz nedelje u nedelju osvajao je \u00a0zlatne medalje. Od poslednje nedelje septembra re\u0111ali su se gradovi Biha\u0107, Vrnja\u010dka Banja, Jagodina, Bor, \u010ca\u010dak i Beograd.<\/p>\n<figure id=\"attachment_10015\" aria-describedby=\"caption-attachment-10015\" style=\"width: 226px\" class=\"wp-caption alignright\"><a href=\"https:\/\/centralmedia.rs\/wp-content\/uploads\/2017\/10\/predrag-milosevic.jpg\"><img loading=\"lazy\" decoding=\"async\" class=\"size-medium wp-image-10015\" src=\"https:\/\/centralmedia.rs\/wp-content\/uploads\/2017\/10\/predrag-milosevic-226x300.jpg\" alt=\"\" width=\"226\" height=\"300\" srcset=\"https:\/\/centralmedia.rs\/wp-content\/uploads\/2017\/10\/predrag-milosevic-226x300.jpg 226w, https:\/\/centralmedia.rs\/wp-content\/uploads\/2017\/10\/predrag-milosevic.jpg 600w\" sizes=\"(max-width: 226px) 100vw, 226px\" \/><\/a><figcaption id=\"caption-attachment-10015\" class=\"wp-caption-text\">Predrag Milo\u0161evi\u0107<\/figcaption><\/figure>\n<p>-Vra\u0107am se u takmi\u010darsku penziju. Ovo je bila moja opro\u0161tajna sezona do bodibildinga. Kao u snovima zlatne medalje su re\u0111ale jedna za drugom, brojao sam sa svojim timom do sedam. Dosta je bilo od mene. ustupam postolje mla\u0111ima i nadam se boljima do mene. \u00a0Pored zlatnih medalja, osvojio sa titulu apsolutnog \u0161ampiona u Vrnja\u010dkoj Banji, rekao je Milo\u0161evi\u0107 koji zatim proslavio veliki uspeh.<\/p>\n<p>On je ponosan i na uspehe svog tima, koji je tako\u0111e, osvojao medalje u svojim kategorijama.<\/p>\n","protected":false},"excerpt":{"rendered":"<p>BEOGRAD-Sedma zlatna medalja na sedam takmi\u010denja, posle devetogodi\u0161nje pauze, to je skor legendarnog bodibildera Pe\u0111e Milo\u0161evi\u0107a (44) iz Jagodine. Poslednje zlato osvojeno je subotu uve\u010de &hellip; <\/p>\n","protected":false},"author":4,"featured_media":10260,"comment_status":"open","ping_status":"open","sticky":false,"template":"","format":"standard","meta":{"footnotes":""},"categories":[1524,2,1514,21],"tags":[58,1247],"_links":{"self":[{"href":"https:\/\/centralmedia.rs\/index.php\/wp-json\/wp\/v2\/posts\/10314"}],"collection":[{"href":"https:\/\/centralmedia.rs\/index.php\/wp-json\/wp\/v2\/posts"}],"about":[{"href":"https:\/\/centralmedia.rs\/index.php\/wp-json\/wp\/v2\/types\/post"}],"author":[{"embeddable":true,"href":"https:\/\/centralmedia.rs\/index.php\/wp-json\/wp\/v2\/users\/4"}],"replies":[{"embeddable":true,"href":"https:\/\/centralmedia.rs\/index.php\/wp-json\/wp\/v2\/comments?post=10314"}],"version-history":[{"count":1,"href":"https:\/\/centralmedia.rs\/index.php\/wp-json\/wp\/v2\/posts\/10314\/revisions"}],"predecessor-version":[{"id":10315,"href":"https:\/\/centralmedia.rs\/index.php\/wp-json\/wp\/v2\/posts\/10314\/revisions\/10315"}],"wp:featuredmedia":[{"embeddable":true,"href":"https:\/\/centralmedia.rs\/index.php\/wp-json\/wp\/v2\/media\/10260"}],"wp:attachment":[{"href":"https:\/\/centralmedia.rs\/index.php\/wp-json\/wp\/v2\/media?parent=10314"}],"wp:term":[{"taxonomy":"category","embeddable":true,"href":"https:\/\/centralmedia.rs\/index.php\/wp-json\/wp\/v2\/categories?post=10314"},{"taxonomy":"post_tag","embeddable":true,"href":"https:\/\/centralmedia.rs\/index.php\/wp-json\/wp\/v2\/tags?post=10314"}],"curies":[{"name":"wp","href":"https:\/\/api.w.org\/{rel}","templated":true}]}}