{"id":1034,"date":"2015-10-27T20:44:31","date_gmt":"2015-10-27T20:44:31","guid":{"rendered":"http:\/\/centralmedia.rs\/?p=1034"},"modified":"2015-10-28T21:04:18","modified_gmt":"2015-10-28T21:04:18","slug":"bubrezni-bolesnici-u-opasnosti","status":"publish","type":"post","link":"https:\/\/centralmedia.rs\/index.php\/2015\/10\/27\/bubrezni-bolesnici-u-opasnosti\/","title":{"rendered":"BUBRE\u017dNI BOLESNICI U OPASNOSTI"},"content":{"rendered":"<p>BAKTERIJE U VODI U CENTRU ZA DIJALIZU U \u0106UPRIJI<br \/>\n\u0106UPRIJA-Zbog pojave bakterija u vodi za dijalizu regionalni Centar za dijalizu Op\u0161te bolnice u \u0106upriji prestao je sa radom u utorak popodne i pacijenti u drugoj smeni nisu dijalizirani,  potvr\u0111eno je ve\u010deras u tom centru. Preko 140 pacijenata  nemaju drugi izbor za obavljanje dijalize, \u0161to mo\u017ee da ugorozi njihovo zdravlje ili \u010dak bude opasno po njihove \u017eivote.<br \/>\n\t-Dijaliza ne radi zbog problema sa vodom. Sutra pre uklju\u010denja pacijenata na dijaliozu opet \u0107emo obaviti proveru ispravnosti vode i ako ne bude u redu pacijenti \u0107e biti transportovani u druge centre, ali ne znam kako jel ih ima mnogo. Najbli\u017ei centri su Kragujevac i Kru\u0161evac, ka\u017eu u tom centru.<br \/>\nU utorak je prepodone obavljana dijaliza, ali pre popodnevne smene proverom je utvr\u0111ena neispravnost vode i pacijenti su vra\u0107eni.<br \/>\n\t-Re\u010d je lo\u0161em kvalitetu vode. Prona\u0111ene su neke bakterije koje ne bi smele da postoje u tom broju. Infekcija klostridijom na Odeljenju ortopedije nema veze sa ovim slu\u010dajem u Centru za dijalizu, ka\u017ei lekari.<br \/>\nDirektor Op\u0161te bolnice u Jagodini dr Darko Mileti\u0107 isti\u010de da je iznenan\u0111en tom informacijom i da ga niko \u0107uprijske bolnice nije obavestio o tom problemu.<br \/>\n\t-Vozimo na\u0161e pacijente za \u0106upriju. Niko nam se iz \u0106uprije nije obratio sa tom informacijom, niti nam je sugerisano ne\u0161to drugo. Pitanje \u0106upriju je gde \u0107e pacijenti i\u0107i na dijalizu ukoliko oni ne mogu da rade. Upu\u0107eni smo na Kragujevac, ali ne verujem da na\u0161i pacijenti mogu da idu tamo na dijalizu, ka\u017ee dr Mileti\u0107.<br \/>\n<figure id=\"attachment_1032\" aria-describedby=\"caption-attachment-1032\" style=\"width: 205px\" class=\"wp-caption alignnone\"><a href=\"https:\/\/centralmedia.rs\/wp-content\/uploads\/2015\/10\/dr-marko-iliic-cuprija-g.j..jpg\"><img loading=\"lazy\" decoding=\"async\" src=\"https:\/\/centralmedia.rs\/wp-content\/uploads\/2015\/10\/dr-marko-iliic-cuprija-g.j.-205x300.jpg\" alt=\"dr Marko Ili\u0107 \" width=\"205\" height=\"300\" class=\"size-medium wp-image-1032\" srcset=\"https:\/\/centralmedia.rs\/wp-content\/uploads\/2015\/10\/dr-marko-iliic-cuprija-g.j.-205x300.jpg 205w, https:\/\/centralmedia.rs\/wp-content\/uploads\/2015\/10\/dr-marko-iliic-cuprija-g.j..jpg 285w\" sizes=\"(max-width: 205px) 100vw, 205px\" \/><\/a><figcaption id=\"caption-attachment-1032\" class=\"wp-caption-text\">dr Marko Ili\u0107<\/figcaption><\/figure><br \/>\n Ina\u010de, ministar Zlatibor Lon\u010dar je danas zbog afere sa kostridijom na Odeljenju ortopedije u toj bolnici smenio vd direktora dr Marka Ili\u0107a. Zavod za javno zdravlje nalo\u017eio je hitno pra\u017enjenje tog odeljenja od pacijenata, \u010di\u0161\u0107enje, pranje, su\u0161enje i dezinfekciju prostorija i predmeta.      <\/p>\n","protected":false},"excerpt":{"rendered":"<p>BAKTERIJE U VODI U CENTRU ZA DIJALIZU U \u0106UPRIJI \u0106UPRIJA-Zbog pojave bakterija u vodi za dijalizu regionalni Centar za dijalizu Op\u0161te bolnice u \u0106upriji prestao &hellip; <\/p>\n","protected":false},"author":4,"featured_media":660,"comment_status":"open","ping_status":"open","sticky":false,"template":"","format":"standard","meta":{"footnotes":""},"categories":[14,12],"tags":[176,44,175],"_links":{"self":[{"href":"https:\/\/centralmedia.rs\/index.php\/wp-json\/wp\/v2\/posts\/1034"}],"collection":[{"href":"https:\/\/centralmedia.rs\/index.php\/wp-json\/wp\/v2\/posts"}],"about":[{"href":"https:\/\/centralmedia.rs\/index.php\/wp-json\/wp\/v2\/types\/post"}],"author":[{"embeddable":true,"href":"https:\/\/centralmedia.rs\/index.php\/wp-json\/wp\/v2\/users\/4"}],"replies":[{"embeddable":true,"href":"https:\/\/centralmedia.rs\/index.php\/wp-json\/wp\/v2\/comments?post=1034"}],"version-history":[{"count":0,"href":"https:\/\/centralmedia.rs\/index.php\/wp-json\/wp\/v2\/posts\/1034\/revisions"}],"wp:featuredmedia":[{"embeddable":true,"href":"https:\/\/centralmedia.rs\/index.php\/wp-json\/wp\/v2\/media\/660"}],"wp:attachment":[{"href":"https:\/\/centralmedia.rs\/index.php\/wp-json\/wp\/v2\/media?parent=1034"}],"wp:term":[{"taxonomy":"category","embeddable":true,"href":"https:\/\/centralmedia.rs\/index.php\/wp-json\/wp\/v2\/categories?post=1034"},{"taxonomy":"post_tag","embeddable":true,"href":"https:\/\/centralmedia.rs\/index.php\/wp-json\/wp\/v2\/tags?post=1034"}],"curies":[{"name":"wp","href":"https:\/\/api.w.org\/{rel}","templated":true}]}}