{"id":10344,"date":"2017-11-03T15:00:08","date_gmt":"2017-11-03T15:00:08","guid":{"rendered":"http:\/\/centralmedia.rs\/?p=10344"},"modified":"2017-11-03T15:08:38","modified_gmt":"2017-11-03T15:08:38","slug":"zbog-silovanja-pastorke-nepravosnazno-osudjen-na-15-godina-zatvora-devetogodisnjakinja-silovana-na-badnji-dan-u-prostoriji-svinjca","status":"publish","type":"post","link":"https:\/\/centralmedia.rs\/index.php\/2017\/11\/03\/zbog-silovanja-pastorke-nepravosnazno-osudjen-na-15-godina-zatvora-devetogodisnjakinja-silovana-na-badnji-dan-u-prostoriji-svinjca\/","title":{"rendered":"ZBOG SILOVANJA PASTORKE NEPRAVOSNA\u017dNO OSU\u0110EN NA 15 GODINA ZATVORA-Silovana sa devet godina u prostoriji do svinjca"},"content":{"rendered":"<p>JAGODINA-Vladan Zdravkovi\u0107 (45) iz Despotovca osu\u0111en je nepravosna\u017eno danas u Vi\u0161em sudu u Jagodini na 15 godina zatvora zbog silovanja pastorke, odnosno krivi\u010dnog dela te\u017ei oblik silovanja, za koji je najmanja zapre\u0107ena kazna 10 godina zatvora, a maksimalna 40 godina. Zdravkovi\u0107 je ranije vi\u0161e puta osu\u0111ivan za te\u0161ke kra\u0111e. Ina\u010de, slu\u010daj je otkriven u oktobru pro\u0161le godine \u00a0kada se tinejd\u017eerka po\u017ealila \u0161kolskom psihologu. Devoj\u010dica je navodno tada kazala da je o\u010duh silovao 2011. godine, kada je imala 9 godina u prostoriji pored svinjca ku\u0107e koju je \u010duvao, kao i 2013. godine za Badnji dan u automobilu. Centar za socijalni rad je posle te prijave, devoj\u010dicu preuzeo od majke i smestio je u hraniteljsku porodicu.<\/p>\n<p>-I ubudu\u0107e devoj\u010dica \u0107e biti pod za\u0161titom Centra za socijalni rad, a bi\u0107e odlu\u010deno naknadno da li \u0107e ostati u hraniteljskoj porodici ili \u0107e se vratiti u svoju porodicu. Sve zavisi od razvoja devoj\u010dice, kao i vaspitnog i zdravstvenog stanja. Majka nije li\u0161ena roditeljskog prava i protiv nje nije vo\u0111en postupak, odnosno nije joj oduzeto roditeljsko pravo. Ali, porodica \u0107e ostati pod nadzorom centra, ka\u017ee direktor centra Radoslav Ra\u010di\u0107 i dodaje da je otac devoj\u010dice odustao od svih zahteva za starateljstvo i kontakta sa njom.<\/p>\n<p>Odbrana je najavila \u017ealbu Apelacionom sudu. Osu\u0111eni\u00a0 Vladan Zdravkovi\u0107 je pre desetak po\u010deo da \u017eivi sa D.M., majkom nesre\u0107ne devoj\u010dice, sa kojom ima sedmogodi\u0161njeg sina i \u010detvorogodi\u0161nju \u0107erku.<\/p>\n<p>-Presuda od 15 godina nije zadovoljavaju\u0107a za pet godina psihi\u010dkog i fizi\u010dkog zlostavljanja deteta od njene 9. do njene 14. godine, isti\u010de otac devoj\u010dice Sa\u0161a Mrati\u0107.<\/p>\n<p>On o\u010dekuje da se istra\u017ei pona\u0161anje majke, jer sumnja da ona ,,znala sve,prikrivala i borila se da \u0107erka povu\u010de izjave protiv nje o tome kako joj se \u017ealila&#8221;. On se \u017eali i na rad Centra za socijli rad jer je ,,dopustio, od prvog dana hap\u0161enja V.Z. i sumnje na majku, kontakte izme\u0111u majke i \u0107erke.<\/p>\n<p>-Strahujem za bezbednost svoje \u0107erke zbog okru\u017eenja u kome se nalazi, dodao je on.<\/p>\n","protected":false},"excerpt":{"rendered":"<p>JAGODINA-Vladan Zdravkovi\u0107 (45) iz Despotovca osu\u0111en je nepravosna\u017eno danas u Vi\u0161em sudu u Jagodini na 15 godina zatvora zbog silovanja pastorke, odnosno krivi\u010dnog dela te\u017ei &hellip; <\/p>\n","protected":false},"author":4,"featured_media":10345,"comment_status":"open","ping_status":"open","sticky":false,"template":"","format":"standard","meta":{"footnotes":""},"categories":[1518,1524,20,2],"tags":[51,58,2440,636],"_links":{"self":[{"href":"https:\/\/centralmedia.rs\/index.php\/wp-json\/wp\/v2\/posts\/10344"}],"collection":[{"href":"https:\/\/centralmedia.rs\/index.php\/wp-json\/wp\/v2\/posts"}],"about":[{"href":"https:\/\/centralmedia.rs\/index.php\/wp-json\/wp\/v2\/types\/post"}],"author":[{"embeddable":true,"href":"https:\/\/centralmedia.rs\/index.php\/wp-json\/wp\/v2\/users\/4"}],"replies":[{"embeddable":true,"href":"https:\/\/centralmedia.rs\/index.php\/wp-json\/wp\/v2\/comments?post=10344"}],"version-history":[{"count":4,"href":"https:\/\/centralmedia.rs\/index.php\/wp-json\/wp\/v2\/posts\/10344\/revisions"}],"predecessor-version":[{"id":10349,"href":"https:\/\/centralmedia.rs\/index.php\/wp-json\/wp\/v2\/posts\/10344\/revisions\/10349"}],"wp:featuredmedia":[{"embeddable":true,"href":"https:\/\/centralmedia.rs\/index.php\/wp-json\/wp\/v2\/media\/10345"}],"wp:attachment":[{"href":"https:\/\/centralmedia.rs\/index.php\/wp-json\/wp\/v2\/media?parent=10344"}],"wp:term":[{"taxonomy":"category","embeddable":true,"href":"https:\/\/centralmedia.rs\/index.php\/wp-json\/wp\/v2\/categories?post=10344"},{"taxonomy":"post_tag","embeddable":true,"href":"https:\/\/centralmedia.rs\/index.php\/wp-json\/wp\/v2\/tags?post=10344"}],"curies":[{"name":"wp","href":"https:\/\/api.w.org\/{rel}","templated":true}]}}