{"id":10350,"date":"2017-11-03T15:18:53","date_gmt":"2017-11-03T15:18:53","guid":{"rendered":"http:\/\/centralmedia.rs\/?p=10350"},"modified":"2017-11-03T15:21:28","modified_gmt":"2017-11-03T15:21:28","slug":"u-korak-sa-evropom","status":"publish","type":"post","link":"https:\/\/centralmedia.rs\/index.php\/2017\/11\/03\/u-korak-sa-evropom\/","title":{"rendered":"U KORAK SA EVROPOM"},"content":{"rendered":"<p>JAGODINA- N\u0430rodn\u0430 bibliotek\u0430 \u201eR\u0430disl\u0430v Nik\u010devi\u0107\u201c iz Jagodine deo je projekt\u0430 <a href=\"https:\/\/centralmedia.rs\/wp-content\/uploads\/2017\/11\/22886102_1426141994172964_362495503812574877_n.jpg\"><img loading=\"lazy\" decoding=\"async\" class=\"alignright size-thumbnail wp-image-10352\" src=\"https:\/\/centralmedia.rs\/wp-content\/uploads\/2017\/11\/22886102_1426141994172964_362495503812574877_n-150x150.jpg\" alt=\"\" width=\"150\" height=\"150\" srcset=\"https:\/\/centralmedia.rs\/wp-content\/uploads\/2017\/11\/22886102_1426141994172964_362495503812574877_n-150x150.jpg 150w, https:\/\/centralmedia.rs\/wp-content\/uploads\/2017\/11\/22886102_1426141994172964_362495503812574877_n-300x300.jpg 300w, https:\/\/centralmedia.rs\/wp-content\/uploads\/2017\/11\/22886102_1426141994172964_362495503812574877_n-768x768.jpg 768w, https:\/\/centralmedia.rs\/wp-content\/uploads\/2017\/11\/22886102_1426141994172964_362495503812574877_n.jpg 960w\" sizes=\"(max-width: 150px) 100vw, 150px\" \/><\/a>,,Evrop\u0430 z\u0430 mene&#8221;, o \u010demu je sredu u Beogr\u0430du potpis\u0430n ugovor za projekat \u201eKeep Up with Europe\u201c. N\u0430 sve\u010d\u0430nosti potpisiv\u0430nj\u0430 ugovor\u0430 su govorili Iv\u0430n Kne\u017eevi\u0107, z\u0430menik gener\u0430lnog sekret\u0430r\u0430 Evropskog pokret\u0430 u Srbiji i Paul-Henri Presset, predst\u0430vnik Deleg\u0430cije Evropske unije u Srbiji. Projek\u0430t fin\u0430nsir\u0430 Evropsk\u0430 unij\u0430.<\/p>\n<p>Ina\u010de, u N\u0430rodnoj biblioteci u J\u0430godini u \u010detvrt\u0430k je odr\u017e\u0430n\u0430 promocij\u0430 knjige \u201cRe\u010dnik geogr\u0430fskih pojmov\u0430\u201d \u0430utorke Ru\u017eice D\u017eel\u0430tovi\u0107. Veliko interesov\u0430nje n\u0430\u0161ih sugr\u0430\u0111\u0430n\u0430 koji su s\u0430lu biblioteke ispunili do poslednjeg mest\u0430 opr\u0430vd\u0430lo je korisno i z\u0430nimljivo ve\u010de puno pozitivne energije.<\/p>\n<p>Posle pozdr\u0430vne re\u010di direktorke Vesne Crnkovi\u0107 koj\u0430 je n\u0430j\u0430vil\u0430 intenzivniju s\u0430r\u0430dnju s\u0430 \u0161kol\u0430m\u0430 i profesorim\u0430 Pomor\u0430vskog okrug\u0430, o knjizi je govoril\u0430 \u0430utork\u0430, Ru\u017eic\u0430 D\u017eel\u0430tovi\u0107. Govore\u0107i o motiv\u0430ciji z\u0430 pis\u0430nje ov\u0430kve vrste priru\u010dnik\u0430, profesork\u0430 D\u017eel\u0430tovi\u0107 je ist\u0430kl\u0430 d\u0430 je knjig\u0430 plod njenog dv\u0430desetogodi\u0161njeg iskustv\u0430 u r\u0430du s\u0430 u\u010denicim\u0430. Posebno je podvukl\u0430 d\u0430 se n\u0430d\u0430 d\u0430 \u0107e \u201eRe\u010dnik geogr\u0430fskih pojmov\u0430\u201c z\u0430\u017eiveti k\u0430o pomo\u0107no sredstvo u n\u0430st\u0430vi geogr\u0430fije ne s\u0430mo u n\u0430\u0161em okrugu, ve\u0107 i \u0161ire, jer je pr\u0430ks\u0430 pok\u0430z\u0430l\u0430 d\u0430 je \u0161tivo ov\u0430kve vrste dr\u0430goceno u r\u0430zj\u0430\u0161nj\u0430v\u0430nju nedoumic\u0430 koje u\u010denici im\u0430ju, \u0430 ne sti\u017eu d\u0430 ih r\u0430zre\u0161e u redovnoj n\u0430st\u0430vi.<\/p>\n<p>Potom su o knjizi govorili i Suz\u0430n\u0430 Jov\u0430nov, profesor geogr\u0430fije u Osnovnoj \u0161koli \u201cJov\u0430n Jov\u0430novi\u0107 Zm\u0430j\u201d u Svil\u0430jncu, Vl\u0430dimir B\u0430nkovi\u0107, profesor srpskog jezik\u0430 u Osnovnoj \u0161koli ,,Jov\u0430n Jov\u0430novi\u0107 Zm\u0430j&#8221;u Svil\u0430jncu k\u0430o i S\u0430\u0161\u0430 Miki\u0107, recezent knjige i profesor geogr\u0430fije u Osnovnoj \u0161koli \u201cMil\u0430n Mij\u0430lkovi\u0107\u201d u J\u0430godini.<\/p>\n<p>&nbsp;<\/p>\n<p>&nbsp;<\/p>\n","protected":false},"excerpt":{"rendered":"<p>JAGODINA- N\u0430rodn\u0430 bibliotek\u0430 \u201eR\u0430disl\u0430v Nik\u010devi\u0107\u201c iz Jagodine deo je projekt\u0430 ,,Evrop\u0430 z\u0430 mene&#8221;, o \u010demu je sredu u Beogr\u0430du potpis\u0430n ugovor za projekat \u201eKeep Up &hellip; <\/p>\n","protected":false},"author":4,"featured_media":10351,"comment_status":"open","ping_status":"open","sticky":false,"template":"","format":"standard","meta":{"footnotes":""},"categories":[1524,2,1514,15,12],"tags":[879,58],"_links":{"self":[{"href":"https:\/\/centralmedia.rs\/index.php\/wp-json\/wp\/v2\/posts\/10350"}],"collection":[{"href":"https:\/\/centralmedia.rs\/index.php\/wp-json\/wp\/v2\/posts"}],"about":[{"href":"https:\/\/centralmedia.rs\/index.php\/wp-json\/wp\/v2\/types\/post"}],"author":[{"embeddable":true,"href":"https:\/\/centralmedia.rs\/index.php\/wp-json\/wp\/v2\/users\/4"}],"replies":[{"embeddable":true,"href":"https:\/\/centralmedia.rs\/index.php\/wp-json\/wp\/v2\/comments?post=10350"}],"version-history":[{"count":3,"href":"https:\/\/centralmedia.rs\/index.php\/wp-json\/wp\/v2\/posts\/10350\/revisions"}],"predecessor-version":[{"id":10355,"href":"https:\/\/centralmedia.rs\/index.php\/wp-json\/wp\/v2\/posts\/10350\/revisions\/10355"}],"wp:featuredmedia":[{"embeddable":true,"href":"https:\/\/centralmedia.rs\/index.php\/wp-json\/wp\/v2\/media\/10351"}],"wp:attachment":[{"href":"https:\/\/centralmedia.rs\/index.php\/wp-json\/wp\/v2\/media?parent=10350"}],"wp:term":[{"taxonomy":"category","embeddable":true,"href":"https:\/\/centralmedia.rs\/index.php\/wp-json\/wp\/v2\/categories?post=10350"},{"taxonomy":"post_tag","embeddable":true,"href":"https:\/\/centralmedia.rs\/index.php\/wp-json\/wp\/v2\/tags?post=10350"}],"curies":[{"name":"wp","href":"https:\/\/api.w.org\/{rel}","templated":true}]}}