{"id":1036,"date":"2015-10-27T21:17:39","date_gmt":"2015-10-27T21:17:39","guid":{"rendered":"http:\/\/centralmedia.rs\/?p=1036"},"modified":"2015-10-27T23:29:58","modified_gmt":"2015-10-27T23:29:58","slug":"svetski-top-model-iz-jagodine-sanja-miletic","status":"publish","type":"post","link":"https:\/\/centralmedia.rs\/index.php\/2015\/10\/27\/svetski-top-model-iz-jagodine-sanja-miletic\/","title":{"rendered":"SVETSKI TOP MODEL IZ JAGODINE &#8211; SANJA MILETI\u0106"},"content":{"rendered":"<p>SANJAM, STVARAM, VERUJEM<br \/>\nJAGODINA- Sanjam, stvaram i verujem, ka\u017ee u tri re\u010di opisuju\u0107i sebe Sanja Mileti\u0107, svetski top model, \u0161to dovoljno obja\u0161njava njen naredni, utopisti\u010dki, projekat ,,Lep \u017eivot u Srbiji\u201c. Karijeru vrhunskog modela zapo\u010dela pre petnaestak godina iz rodne Jagodine. Sara\u0111uje sa najve\u0107im imenima iz sveta mode i nosi njihove modele na pistama svetskih metropola od NYC do Tokija. Trenutno je anga\u017eovana u \u010cileu, egzoti\u010dnoj dr\u017eavi Ju\u017ene Amerike. Sreli smo je u Jagodini,  bila je na odmoru nekoliko nedelja. Prvi utisak mlada, lepa, nenametljiva i nasmejana devojka, na drugi to je ,,ona\u201c i iskoristili priliku za intervju.<br \/>\nCM: Kakve su osobe velika imena iz sveta modelinga i mode?<br \/>\n-Normalni ljudi sa atipi\u010dnim poslom za klasi\u010dan svet ..emotivni ili manje emotivni , eksplozivni Ili manje eksplozivni. Prosto ljudi koji ose\u0107aju pozitivne Ili negativne emocije u zavisnosti od trenutka , kao i bilo ko drugi. Privatno smo svi mi obi\u010dni ljudi sa vi\u0161e Ili manje problema. Problem je u drugima koji nas vide nestvarno &#8220;drugacije&#8221;.<br \/>\n<a href=\"https:\/\/centralmedia.rs\/wp-content\/uploads\/2015\/10\/IMG_6972.jpg\"><img loading=\"lazy\" decoding=\"async\" src=\"https:\/\/centralmedia.rs\/wp-content\/uploads\/2015\/10\/IMG_6972-300x300.jpg\" alt=\"IMG_6972\" width=\"300\" height=\"300\" class=\"alignnone size-medium wp-image-1038\" srcset=\"https:\/\/centralmedia.rs\/wp-content\/uploads\/2015\/10\/IMG_6972-300x300.jpg 300w, https:\/\/centralmedia.rs\/wp-content\/uploads\/2015\/10\/IMG_6972-150x150.jpg 150w, https:\/\/centralmedia.rs\/wp-content\/uploads\/2015\/10\/IMG_6972-1024x1024.jpg 1024w, https:\/\/centralmedia.rs\/wp-content\/uploads\/2015\/10\/IMG_6972.jpg 1224w\" sizes=\"(max-width: 300px) 100vw, 300px\" \/><\/a><br \/>\nCM: \u0160ta najvi\u0161e voli\u0161 u Srbiji i Jagodini, koja su tvoja omiljena mesta, stvari, ljudi..\u0161ta ti budi nostalgiju?<br \/>\n-Uvek i uvek porodica. To je Ono prvo sto me vu\u010de &#8221; nazad&#8221;, pa zatim prijatelji . Volim na\u0161u zemlju, ljude i poku\u0161avam da vidim pozitivno, pored svega lo\u0161eg \u0161to smo do\u017eiveli i kroz \u0161ta i dalje prolazimo. Jagodina je moj rodni grad, pun uspomena. Najve\u0107u nostalgiju budi definitivno Bud\u017eino brdo gde sam odrasla i \u017eivela pre nego sto smo se preselili u centar. Stari crni dud pored starog puta za Rusko groblje na kome sam provodila dane. Vi\u0161e ga nema. Skoro sam pro\u0161la i videla da ga je taj neko, ko je kupio zemlju isekao ne znaju\u0107i da je posekao celo ne\u010dije detinjstvo i vidikovac, bedem sa koga smo no\u0107u gledali na svetla grada i zvezde. Tu je nikla neka ilegalna ograda. Izvinu\u0107u se tom nekom. ali ja sam ta koja je iskrivila ogradu i pro\u0161la &#8230;ha, ha, ali da nisam ja neko bi drugi to uradio umesto mene, samo sam htela da vidim ponovo svetlo i zvezde nista tu nije lose ..ha, ha.<br \/>\nNe smatram sebe zahtevnom osobom, obo\u017eavam prirodu, a Srbija je ima, pogotovu vodu, i nisu mi bitna mesta ve\u0107 ljudi sa kojima sam,ali ako je to ba\u0161 u nekoj prirodi onda je to pun pogotak.<br \/>\n<a href=\"https:\/\/centralmedia.rs\/wp-content\/uploads\/2015\/10\/IMG_63041.jpg\"><img loading=\"lazy\" decoding=\"async\" src=\"https:\/\/centralmedia.rs\/wp-content\/uploads\/2015\/10\/IMG_63041-224x300.jpg\" alt=\"IMG_63041\" width=\"224\" height=\"300\" class=\"alignnone size-medium wp-image-1039\" srcset=\"https:\/\/centralmedia.rs\/wp-content\/uploads\/2015\/10\/IMG_63041-224x300.jpg 224w, https:\/\/centralmedia.rs\/wp-content\/uploads\/2015\/10\/IMG_63041.jpg 672w\" sizes=\"(max-width: 224px) 100vw, 224px\" \/><\/a><br \/>\nCM: Zanimljivo je da je tvoja sestra od strica Bojana Mila Mileti\u0107 tako\u0111e uspe\u0161na u svetu modelinga, da li je re\u010d samo o genima i \u0161ta je jo\u0161 potrebno da bi se do\u0161lo do svetskih modnih prestonica?<\/p>\n<p>-Verovatno da ima ne\u010deg i u genima ,ali presudno je dosta drugih faktora. Dobar marketing ,pametni anga\u017emani koji dolaze od agencija i najbitnija je emotivna zrelost &#8211; stabilnost, poznavanje sebe, sloboda ispred kamere , upornost, istrajnost i disciplina \u0161to vas dovodi u jedan profesionalni odnos prema poslu. Naravno da je fizi\u010dki izgled bitan, ali nije presudan.<br \/>\n<a href=\"https:\/\/centralmedia.rs\/wp-content\/uploads\/2015\/10\/IMG_6167.jpg\"><img loading=\"lazy\" decoding=\"async\" src=\"https:\/\/centralmedia.rs\/wp-content\/uploads\/2015\/10\/IMG_6167-300x300.jpg\" alt=\"IMG_6167\" width=\"300\" height=\"300\" class=\"alignnone size-medium wp-image-1041\" srcset=\"https:\/\/centralmedia.rs\/wp-content\/uploads\/2015\/10\/IMG_6167-300x300.jpg 300w, https:\/\/centralmedia.rs\/wp-content\/uploads\/2015\/10\/IMG_6167-150x150.jpg 150w, https:\/\/centralmedia.rs\/wp-content\/uploads\/2015\/10\/IMG_6167.jpg 640w\" sizes=\"(max-width: 300px) 100vw, 300px\" \/><\/a><br \/>\nCM: Pripada\u0161 generaciji mladih ljudi (teniseri, nau\u010dnici&#8230;) koji su odrastali i stasavali u sankcijama i uz NATO bombe. Me\u0111utim, ta generacija je klju\u010dna za potpuno novi pozitivni imid\u017e Srbije u svetu, jer je uspela da svojim uspesima potisne negativnu kampanju u svetskim  medijima. Koliko je te\u0161ko biti uspe\u0161na Srpkinja u svetu? <\/p>\n<p>-Naravno da u mom poslu predstavlja\u0161 i zemlju iz koje dolazi\u0161, pa ako sam na bilo kakav na\u010din svojim radom i vaspitanjem uspela da prolep\u0161am sliku o Srbiji u svetu to je za mene ogromna \u010dast i veliko postignu\u0107e. I sama sam patila pre 15 godina od preranog osu\u0111ivanja i ,,finih&#8221; prebacki samo zbog toga \u0161to dolazim iz ,,neke\u201d zemlje, a da sama nisam ni krivi za sve to. Mada se sve to menja, vreme je \u010dudo, danas ljudi sami polako shvataju da je kako u ljubavi, tako i ,,mr\u017enji&#8221; potrebno bar dvoje.<br \/>\nU poslu nisam imala problema zbog toga \u0161to dolazim iz Srbije, de\u0161avalo se da izgubim posao, ali samo zbog toga \u0161to nam vizni sistem nije bio ure\u0111en, pa je klijentima to delovalo isuvi\u0161e komplikovano i nesigurno. Nikakvu diskrimimaciju nikada nisam osetila, niti je bilo.<br \/>\n<a href=\"https:\/\/centralmedia.rs\/wp-content\/uploads\/2015\/10\/IMG_6108.jpg\"><img loading=\"lazy\" decoding=\"async\" src=\"https:\/\/centralmedia.rs\/wp-content\/uploads\/2015\/10\/IMG_6108-200x300.jpg\" alt=\"IMG_6108\" width=\"200\" height=\"300\" class=\"alignnone size-medium wp-image-1040\" srcset=\"https:\/\/centralmedia.rs\/wp-content\/uploads\/2015\/10\/IMG_6108-200x300.jpg 200w, https:\/\/centralmedia.rs\/wp-content\/uploads\/2015\/10\/IMG_6108-683x1024.jpg 683w, https:\/\/centralmedia.rs\/wp-content\/uploads\/2015\/10\/IMG_6108.jpg 728w\" sizes=\"(max-width: 200px) 100vw, 200px\" \/><\/a><br \/>\nCM: Da li si ostvarila svoje snove u modelingu, da li jo\u0161 sanja\u0161 i \u0161ta je naredni cilj?<br \/>\nNaravno , ali to ne zna\u010di da sam ostala i bez ambicija. Ispunjena sam i zadovoljna sto se karijere ti\u010de&#8230; Treba opstati tolike godine pored svih novih lica koja se pojavljuju svake godine, a to nije ni malo lako. Ostvarila sam se u svim &#8220;prestonicama&#8221; mode od NYC do Tokija. Samim tim \u0161to imam profesionalnu karijeru modela, \u0161to sam uspela da \u017eivim  od toga i stvorim ne\u0161to, ostvarila sam svoje snove .<br \/>\nSanjam i dalje, jer \u010dovek koji ne sanja je mrtav \u010dovek , nema ni\u0161ta da ga pokrene. Ja se koncentri\u0161em na ove realne snove .<br \/>\nTrenutni snovi se baziraju na stvaranju baze u Srbiji i eventualnom povratku, u malo druga\u010dijem obliku. Sa prijateljicom kreatorkom radim na kreiranju \u017eenskih sakoa ,,La vie en chique &#8220;. Jo\u0161 uvek nije za\u017eivelo zbog nedostatka vremena, ali mi sanjamo, stvaramo i verujemo. A svaki trud se isplati.  Eto to su moji budu\u0107i pravci. Ima tu jos jedna vrlo zanimljiva opcija o kojoj ne smem sad, neko \u0107e iskopirati&#8230; ha, ha . Bitno je da se kre\u0107em u pravcu sna &#8220;Lep \u017eivot u Srbiji &#8221; , ludo zvu\u010di svima,znam ,ali to je ono  ka \u010demu me vu\u010de intuicija.<br \/>\nLepotica i pametnica,preuspe\u0161na za svetske pojmove, a tako jednostavna i normalna. Devojka iz kom\u0161iluka<\/p>\n","protected":false},"excerpt":{"rendered":"<p>SANJAM, STVARAM, VERUJEM JAGODINA- Sanjam, stvaram i verujem, ka\u017ee u tri re\u010di opisuju\u0107i sebe Sanja Mileti\u0107, svetski top model, \u0161to dovoljno obja\u0161njava njen naredni, utopisti\u010dki, &hellip; <\/p>\n","protected":false},"author":4,"featured_media":1037,"comment_status":"open","ping_status":"open","sticky":false,"template":"","format":"standard","meta":{"footnotes":""},"categories":[2,7,12,6],"tags":[179,178,177],"_links":{"self":[{"href":"https:\/\/centralmedia.rs\/index.php\/wp-json\/wp\/v2\/posts\/1036"}],"collection":[{"href":"https:\/\/centralmedia.rs\/index.php\/wp-json\/wp\/v2\/posts"}],"about":[{"href":"https:\/\/centralmedia.rs\/index.php\/wp-json\/wp\/v2\/types\/post"}],"author":[{"embeddable":true,"href":"https:\/\/centralmedia.rs\/index.php\/wp-json\/wp\/v2\/users\/4"}],"replies":[{"embeddable":true,"href":"https:\/\/centralmedia.rs\/index.php\/wp-json\/wp\/v2\/comments?post=1036"}],"version-history":[{"count":0,"href":"https:\/\/centralmedia.rs\/index.php\/wp-json\/wp\/v2\/posts\/1036\/revisions"}],"wp:featuredmedia":[{"embeddable":true,"href":"https:\/\/centralmedia.rs\/index.php\/wp-json\/wp\/v2\/media\/1037"}],"wp:attachment":[{"href":"https:\/\/centralmedia.rs\/index.php\/wp-json\/wp\/v2\/media?parent=1036"}],"wp:term":[{"taxonomy":"category","embeddable":true,"href":"https:\/\/centralmedia.rs\/index.php\/wp-json\/wp\/v2\/categories?post=1036"},{"taxonomy":"post_tag","embeddable":true,"href":"https:\/\/centralmedia.rs\/index.php\/wp-json\/wp\/v2\/tags?post=1036"}],"curies":[{"name":"wp","href":"https:\/\/api.w.org\/{rel}","templated":true}]}}