{"id":10375,"date":"2017-11-05T17:40:05","date_gmt":"2017-11-05T17:40:05","guid":{"rendered":"http:\/\/centralmedia.rs\/?p=10375"},"modified":"2017-11-05T17:40:05","modified_gmt":"2017-11-05T17:40:05","slug":"pevaj-da-te-ceo-svet-razume","status":"publish","type":"post","link":"https:\/\/centralmedia.rs\/index.php\/2017\/11\/05\/pevaj-da-te-ceo-svet-razume\/","title":{"rendered":"PEVAJ DA TE CEO SVET RAZUME"},"content":{"rendered":"<p>\u0106UPRIJA-\u010clanovi Hora Dar, uz podr\u0161ku Ministarstva kulture, u Ustanovi kulture u \u0106upriji realizovali su niz radionica italijanskog, francuskog, engleskog i ruskog jezika.<\/p>\n<div id='gallery-1' class='gallery galleryid-10375 gallery-columns-3 gallery-size-full'><figure class='gallery-item'>\n\t\t\t<div class='gallery-icon landscape'>\n\t\t\t\t<a href='https:\/\/centralmedia.rs\/index.php\/2017\/11\/05\/pevaj-da-te-ceo-svet-razume\/hor-dar-1\/'><img loading=\"lazy\" decoding=\"async\" width=\"960\" height=\"640\" src=\"https:\/\/centralmedia.rs\/wp-content\/uploads\/2017\/11\/HOR-DAR-1.jpg\" class=\"attachment-full size-full\" alt=\"\" srcset=\"https:\/\/centralmedia.rs\/wp-content\/uploads\/2017\/11\/HOR-DAR-1.jpg 960w, https:\/\/centralmedia.rs\/wp-content\/uploads\/2017\/11\/HOR-DAR-1-300x200.jpg 300w, https:\/\/centralmedia.rs\/wp-content\/uploads\/2017\/11\/HOR-DAR-1-768x512.jpg 768w\" sizes=\"(max-width: 960px) 100vw, 960px\" \/><\/a>\n\t\t\t<\/div><\/figure><figure class='gallery-item'>\n\t\t\t<div class='gallery-icon landscape'>\n\t\t\t\t<a href='https:\/\/centralmedia.rs\/index.php\/2017\/11\/05\/pevaj-da-te-ceo-svet-razume\/hor-dar-2-2\/'><img loading=\"lazy\" decoding=\"async\" width=\"960\" height=\"640\" src=\"https:\/\/centralmedia.rs\/wp-content\/uploads\/2017\/11\/HOR-DAR-2.jpg\" class=\"attachment-full size-full\" alt=\"\" srcset=\"https:\/\/centralmedia.rs\/wp-content\/uploads\/2017\/11\/HOR-DAR-2.jpg 960w, https:\/\/centralmedia.rs\/wp-content\/uploads\/2017\/11\/HOR-DAR-2-300x200.jpg 300w, https:\/\/centralmedia.rs\/wp-content\/uploads\/2017\/11\/HOR-DAR-2-768x512.jpg 768w\" sizes=\"(max-width: 960px) 100vw, 960px\" \/><\/a>\n\t\t\t<\/div><\/figure><figure class='gallery-item'>\n\t\t\t<div class='gallery-icon landscape'>\n\t\t\t\t<a href='https:\/\/centralmedia.rs\/index.php\/2017\/11\/05\/pevaj-da-te-ceo-svet-razume\/hor-dar-3-2\/'><img loading=\"lazy\" decoding=\"async\" width=\"960\" height=\"640\" src=\"https:\/\/centralmedia.rs\/wp-content\/uploads\/2017\/11\/HOR-DAR-3.jpg\" class=\"attachment-full size-full\" alt=\"\" srcset=\"https:\/\/centralmedia.rs\/wp-content\/uploads\/2017\/11\/HOR-DAR-3.jpg 960w, https:\/\/centralmedia.rs\/wp-content\/uploads\/2017\/11\/HOR-DAR-3-300x200.jpg 300w, https:\/\/centralmedia.rs\/wp-content\/uploads\/2017\/11\/HOR-DAR-3-768x512.jpg 768w\" sizes=\"(max-width: 960px) 100vw, 960px\" \/><\/a>\n\t\t\t<\/div><\/figure>\n\t\t<\/div>\n\n<p>Znanje tih \u0107e jezika predstavi\u0107e kroz pesme na koncertu 11. novembra. Tako\u0111e, zastupljene su i doma\u0107e pesme, jer je ideja projekta da se poka\u017ee da i Srbija ima podjednako va\u017ean doprinos u evropskoj kulturi, kao i njene najve\u0107e zemlje.<\/p>\n","protected":false},"excerpt":{"rendered":"<p>\u0106UPRIJA-\u010clanovi Hora Dar, uz podr\u0161ku Ministarstva kulture, u Ustanovi kulture u \u0106upriji realizovali su niz radionica italijanskog, francuskog, engleskog i ruskog jezika. Znanje tih \u0107e &hellip; <\/p>\n","protected":false},"author":4,"featured_media":10376,"comment_status":"open","ping_status":"open","sticky":false,"template":"","format":"standard","meta":{"footnotes":""},"categories":[1515,1524,2,15,887,12],"tags":[44,1871],"_links":{"self":[{"href":"https:\/\/centralmedia.rs\/index.php\/wp-json\/wp\/v2\/posts\/10375"}],"collection":[{"href":"https:\/\/centralmedia.rs\/index.php\/wp-json\/wp\/v2\/posts"}],"about":[{"href":"https:\/\/centralmedia.rs\/index.php\/wp-json\/wp\/v2\/types\/post"}],"author":[{"embeddable":true,"href":"https:\/\/centralmedia.rs\/index.php\/wp-json\/wp\/v2\/users\/4"}],"replies":[{"embeddable":true,"href":"https:\/\/centralmedia.rs\/index.php\/wp-json\/wp\/v2\/comments?post=10375"}],"version-history":[{"count":1,"href":"https:\/\/centralmedia.rs\/index.php\/wp-json\/wp\/v2\/posts\/10375\/revisions"}],"predecessor-version":[{"id":10380,"href":"https:\/\/centralmedia.rs\/index.php\/wp-json\/wp\/v2\/posts\/10375\/revisions\/10380"}],"wp:featuredmedia":[{"embeddable":true,"href":"https:\/\/centralmedia.rs\/index.php\/wp-json\/wp\/v2\/media\/10376"}],"wp:attachment":[{"href":"https:\/\/centralmedia.rs\/index.php\/wp-json\/wp\/v2\/media?parent=10375"}],"wp:term":[{"taxonomy":"category","embeddable":true,"href":"https:\/\/centralmedia.rs\/index.php\/wp-json\/wp\/v2\/categories?post=10375"},{"taxonomy":"post_tag","embeddable":true,"href":"https:\/\/centralmedia.rs\/index.php\/wp-json\/wp\/v2\/tags?post=10375"}],"curies":[{"name":"wp","href":"https:\/\/api.w.org\/{rel}","templated":true}]}}