{"id":10403,"date":"2017-11-06T22:48:14","date_gmt":"2017-11-06T22:48:14","guid":{"rendered":"http:\/\/centralmedia.rs\/?p=10403"},"modified":"2017-11-06T22:48:14","modified_gmt":"2017-11-06T22:48:14","slug":"draganu-zdravkovicu-plaketa-evropske-atletske-federacije","status":"publish","type":"post","link":"https:\/\/centralmedia.rs\/index.php\/2017\/11\/06\/draganu-zdravkovicu-plaketa-evropske-atletske-federacije\/","title":{"rendered":"DRAGANU ZDRAVKOVI\u0106U PLAKETA EVROPSKE ATLETSKE FEDERACIJE"},"content":{"rendered":"<p>\u0106UPRIJA-Evropska atletska federacija dodelila je Draganu Zdravkovi\u0107u Plaketu za razvoj atletike u regionu. Plaketa mu je uru\u010dena na Danima atletike u Kragujevcu. Zdravkovi\u0107 je od oktobra \u010dlan stru\u010dnog \u0161taba ASS u kome je zadu\u017een za srednje i duge pruge.<\/p>\n","protected":false},"excerpt":{"rendered":"<p>\u0106UPRIJA-Evropska atletska federacija dodelila je Draganu Zdravkovi\u0107u Plaketu za razvoj atletike u regionu. Plaketa mu je uru\u010dena na Danima atletike u Kragujevcu. Zdravkovi\u0107 je od &hellip; <\/p>\n","protected":false},"author":4,"featured_media":10404,"comment_status":"open","ping_status":"open","sticky":false,"template":"","format":"standard","meta":{"footnotes":""},"categories":[1515,1524,2,887,21],"tags":[44,933,2446],"_links":{"self":[{"href":"https:\/\/centralmedia.rs\/index.php\/wp-json\/wp\/v2\/posts\/10403"}],"collection":[{"href":"https:\/\/centralmedia.rs\/index.php\/wp-json\/wp\/v2\/posts"}],"about":[{"href":"https:\/\/centralmedia.rs\/index.php\/wp-json\/wp\/v2\/types\/post"}],"author":[{"embeddable":true,"href":"https:\/\/centralmedia.rs\/index.php\/wp-json\/wp\/v2\/users\/4"}],"replies":[{"embeddable":true,"href":"https:\/\/centralmedia.rs\/index.php\/wp-json\/wp\/v2\/comments?post=10403"}],"version-history":[{"count":1,"href":"https:\/\/centralmedia.rs\/index.php\/wp-json\/wp\/v2\/posts\/10403\/revisions"}],"predecessor-version":[{"id":10405,"href":"https:\/\/centralmedia.rs\/index.php\/wp-json\/wp\/v2\/posts\/10403\/revisions\/10405"}],"wp:featuredmedia":[{"embeddable":true,"href":"https:\/\/centralmedia.rs\/index.php\/wp-json\/wp\/v2\/media\/10404"}],"wp:attachment":[{"href":"https:\/\/centralmedia.rs\/index.php\/wp-json\/wp\/v2\/media?parent=10403"}],"wp:term":[{"taxonomy":"category","embeddable":true,"href":"https:\/\/centralmedia.rs\/index.php\/wp-json\/wp\/v2\/categories?post=10403"},{"taxonomy":"post_tag","embeddable":true,"href":"https:\/\/centralmedia.rs\/index.php\/wp-json\/wp\/v2\/tags?post=10403"}],"curies":[{"name":"wp","href":"https:\/\/api.w.org\/{rel}","templated":true}]}}