{"id":10406,"date":"2017-11-07T13:30:05","date_gmt":"2017-11-07T13:30:05","guid":{"rendered":"http:\/\/centralmedia.rs\/?p=10406"},"modified":"2017-11-07T13:30:30","modified_gmt":"2017-11-07T13:30:30","slug":"odlozen-uppr-za-kablove-od-17-novembra-racun-fabrike-kablova-bez-zastite-moguc-bankrot","status":"publish","type":"post","link":"https:\/\/centralmedia.rs\/index.php\/2017\/11\/07\/odlozen-uppr-za-kablove-od-17-novembra-racun-fabrike-kablova-bez-zastite-moguc-bankrot\/","title":{"rendered":"ODLO\u017dEN UPPR ZA KABLOVE &#8211; Od 17. novembra ra\u010dun bez za\u0161tite, mogu\u0107 bankrot"},"content":{"rendered":"<p>JAGODINA-&#8220;Udru\u017eenje poverilaca radnika Holding KABLOVI a.d. Jagodina&#8221;\u00a0saop\u0161tilo je da je glasanje o usvajanju UPPR-a Fabrike kablova odlo\u017eeno do daljnjeg, zbog zahteva advokata udru\u017eenja Vladimira Todori\u0107a za izuze\u0107em postupaju\u0107eg sudije Privrednog suda u Kragujevcu. Advokat Todori\u0107 potvrdio je da se 17. novembra ,,skida zabrana izvr\u0161enja na imovini Kablova&#8221; i pozvao sve \u010dlanove udru\u017eenja da naplate nerealizovane presude.<\/p>\n<p>-Sada\u0161nji postupak za usvajanje UPPR-a je tre\u0107i po redu u poslednjih godinu dana i za sve to vreme biv\u0161i radnici nisu dobili svoje po\u0161teno zara\u0111ene zarade, zbog toga \u0161to je sud usvajao zahteve direktora Ratka Vu\u010durovi\u0107a za zabranom izvr\u0161enja na imovini Kablova. Direktor Vu\u010durovi\u0107 od sada mo\u017ee jedino da bude penzioner i ni\u0161ta vi\u0161e i nema prava da raspola\u017ee imovinom Holdinga kao svojom privatnom imovinom, isti\u010de Todori\u0107.<\/p>\n<p>-Svaki sporazum koji su radnici napravili sa direktorom Vu\u010durovi\u0107em izigran je i radnici vi\u0161e nemaju nameru da ispadaju \u017ertve. Ukoliko je jedini na\u010din da se radnici naplate kroz bankrotstvo Kablova onda neka tako i bude. Udru\u017eenje \u0107e u\u010diniti sve \u0161to je u njegovoj mogu\u0107nosti da za\u0161titi interese radnika i dana\u0161nje odlaganje glasanja o UPPR-a je veliki uspeh u tom pogledu, navodi Todori\u0107 i dodaje da se 17. novembra ,,skida zabrana izvr\u0161enja na imovini Kablova&#8221;<\/p>\n<p>-Pozivaju se svi \u010dlanovi udru\u017eenja koji imaju nerealizovane presude protiv Kablova da ih \u0161to pre po\u0161alju na izvr\u0161enje kako bi imali \u0161anse da ih naplate, zaklju\u010duje on.<\/p>\n<p>Za vi\u0161e informacija pozivaju se \u010dlanovi da se jave rukovodstvu Udru\u017eenja poverilaca radnika Holding Kablovi.<\/p>\n<p>&nbsp;<\/p>\n","protected":false},"excerpt":{"rendered":"<p>JAGODINA-&#8220;Udru\u017eenje poverilaca radnika Holding KABLOVI a.d. Jagodina&#8221;\u00a0saop\u0161tilo je da je glasanje o usvajanju UPPR-a Fabrike kablova odlo\u017eeno do daljnjeg, zbog zahteva advokata udru\u017eenja Vladimira Todori\u0107a &hellip; <\/p>\n","protected":false},"author":4,"featured_media":10407,"comment_status":"open","ping_status":"open","sticky":false,"template":"","format":"standard","meta":{"footnotes":""},"categories":[22,1524,2,1514],"tags":[1069,368,2447],"_links":{"self":[{"href":"https:\/\/centralmedia.rs\/index.php\/wp-json\/wp\/v2\/posts\/10406"}],"collection":[{"href":"https:\/\/centralmedia.rs\/index.php\/wp-json\/wp\/v2\/posts"}],"about":[{"href":"https:\/\/centralmedia.rs\/index.php\/wp-json\/wp\/v2\/types\/post"}],"author":[{"embeddable":true,"href":"https:\/\/centralmedia.rs\/index.php\/wp-json\/wp\/v2\/users\/4"}],"replies":[{"embeddable":true,"href":"https:\/\/centralmedia.rs\/index.php\/wp-json\/wp\/v2\/comments?post=10406"}],"version-history":[{"count":2,"href":"https:\/\/centralmedia.rs\/index.php\/wp-json\/wp\/v2\/posts\/10406\/revisions"}],"predecessor-version":[{"id":10409,"href":"https:\/\/centralmedia.rs\/index.php\/wp-json\/wp\/v2\/posts\/10406\/revisions\/10409"}],"wp:featuredmedia":[{"embeddable":true,"href":"https:\/\/centralmedia.rs\/index.php\/wp-json\/wp\/v2\/media\/10407"}],"wp:attachment":[{"href":"https:\/\/centralmedia.rs\/index.php\/wp-json\/wp\/v2\/media?parent=10406"}],"wp:term":[{"taxonomy":"category","embeddable":true,"href":"https:\/\/centralmedia.rs\/index.php\/wp-json\/wp\/v2\/categories?post=10406"},{"taxonomy":"post_tag","embeddable":true,"href":"https:\/\/centralmedia.rs\/index.php\/wp-json\/wp\/v2\/tags?post=10406"}],"curies":[{"name":"wp","href":"https:\/\/api.w.org\/{rel}","templated":true}]}}