{"id":10420,"date":"2017-11-08T14:45:29","date_gmt":"2017-11-08T14:45:29","guid":{"rendered":"http:\/\/centralmedia.rs\/?p=10420"},"modified":"2017-11-08T14:45:29","modified_gmt":"2017-11-08T14:45:29","slug":"jagodinska-biblioteka-u-korak-sa-evropom","status":"publish","type":"post","link":"https:\/\/centralmedia.rs\/index.php\/2017\/11\/08\/jagodinska-biblioteka-u-korak-sa-evropom\/","title":{"rendered":"JAGODINSKA BIBLIOTEKA U KORAK SA EVROPOM"},"content":{"rendered":"<p>Projekat \u201eU korak sa Evropom\u201c Narodne biblioteke \u201eRadislav Nik\u010devi\u0107\u201c iz Jagodine je postao deo projekta \u201eEvropa za mene\u201c koji sprovodi Evropski pokret u Srbiji i Fakultet politi\u010dkih nauka Univreziteta u Beogradu uz podr\u0161ku Me\u0111unarodnog evropskog pokreta iz Brisela.<a href=\"https:\/\/centralmedia.rs\/wp-content\/uploads\/2017\/11\/IMG-0617.jpg\"><img loading=\"lazy\" decoding=\"async\" class=\"alignright size-medium wp-image-10422\" src=\"https:\/\/centralmedia.rs\/wp-content\/uploads\/2017\/11\/IMG-0617-300x225.jpg\" alt=\"\" width=\"300\" height=\"225\" srcset=\"https:\/\/centralmedia.rs\/wp-content\/uploads\/2017\/11\/IMG-0617-300x225.jpg 300w, https:\/\/centralmedia.rs\/wp-content\/uploads\/2017\/11\/IMG-0617-768x576.jpg 768w, https:\/\/centralmedia.rs\/wp-content\/uploads\/2017\/11\/IMG-0617-1024x768.jpg 1024w, https:\/\/centralmedia.rs\/wp-content\/uploads\/2017\/11\/IMG-0617-80x60.jpg 80w, https:\/\/centralmedia.rs\/wp-content\/uploads\/2017\/11\/IMG-0617-265x198.jpg 265w\" sizes=\"(max-width: 300px) 100vw, 300px\" \/><\/a> Ovaj projekat se odvija u nekoliko segmenata, a jedan od njih jeste da uklju\u010di organizacije civilnog dru\u0161tva, univeritete, fakultete i biblioteke da se pridru\u017ee projektu kroz male grantove. Tako je jagodinska biblioteka dobila privilegiju da bude jedina javna biblioteka u Srbiji koja \u0107e narednih \u0161est meseci sprovoditi program edukacije mladih i poloprivredika o evropskim vrednostima i funkcionisanju Evropske unije.<br \/>\nStiglo je ukupno 59 aplikacija, a odabrano je 10 najboljih predloga projekata. To su uglavnom projekti iza kojih stoje nevladine organizacije. \u0160to se ti\u010de biblioteka, grant je dobila Univerzitetska biblioteka \u201eNikola Tesla\u201c iz Ni\u0161a i Narodna biblioteka \u201eRadislav Nik\u010devi\u0107\u201c iz Jagodie. Naime, jagodinska biblioteka je jedina javna biblioteka \u010diji je projekat \u201eU korak sa Evropom\u201c nagra\u0111en grantom. Jo\u0161 jedna javna biblioteka je deo pojekta Evropa za mene, a to je Narodna biblioteka iz Po\u017eege, koja u\u010destvuje kao partner u projektu \u201eMoje mesto u EU prostoru\u201c, a koji \u0107e sprovoditi NVO Forca iz Po\u017eege.<br \/>\nU sredu, 1. novembra 2017. godine u Beogradu je potpisan ugovor kojim je projekat \u201eU korak sa Evropom\u201c postao deo projekta \u201eEvropa za mene\u201c. Na sve\u010danosti potpisivanja ugovora su govorili Ivan Kne\u017eevi\u0107, zamenik generalnog sekretara Evropskog pokreta u Srbiji i Paul-Henri Presset, predstavnik Delegacije Evropske unije u Srbiji.<br \/>\nCilj projekta Narodne biblioteke iz Jagodine \u201eU korak sa Evropom\u201c je da na razumnjiv i zabavan na\u010din objasni poljoprivrednicima i mladima \u0161ta za njih zna\u010de pristupni pregovori Evropskoj uniji, kako funkcioni\u0161e Evropska unija i \u0161ta oni, kao pojedinci mogu da imaju od toga. Projekat \u0107e trajati \u0161est meseci i u tom periodu bi\u0107e orgnizovano vi\u0161e tribina i debatnih klubova na kojima \u0107e govoriti stru\u010dnjaci, profesionalci u oblastma koje interesuju mlade i poljoprivrednike.<br \/>\nNaime, uloga javnih biblioteka je da pomogne gra\u0111anima da dobiju ta\u010dnu informaciju o bilo kom segmentu \u017eivota, o kretanjima u dru\u0161tvu, inovacijama\u2026 Zato biblioteka u Jagodini ne\u0107e organizovati politi\u010dke debate, niti ima nameru da uti\u010de na politi\u010dke stavove i politi\u010dki \u017eivot gra\u0111ana, jer to i nije njena uloga u dru\u0161tvu. U\u010desnici na tribinama \u0107e na profesionalan, razumnjiv i zanimljiv na\u010din da pri\u010daju o tome kako funkcioni\u0161e Evropska unije i kako u tom sistemu mogu da se sna\u0111u mladi i poljoprivrednici. Posle predavanja oni \u0107e imati prilike da postavljaju pitanja, a u\u010desnici u projetu iz jagodinske Narodne biblioteke \u0107e se potruditi da predava\u010di govore o temama koje \u0107e biti korisne za ove dve ciljne grupe.<br \/>\nProjekat finansira Evropska unija i traje od 1. novembra 2017. do 30. aprila 2018. godine.<\/p>\n<p>&nbsp;<\/p>\n","protected":false},"excerpt":{"rendered":"<p>Projekat \u201eU korak sa Evropom\u201c Narodne biblioteke \u201eRadislav Nik\u010devi\u0107\u201c iz Jagodine je postao deo projekta \u201eEvropa za mene\u201c koji sprovodi Evropski pokret u Srbiji i &hellip; <\/p>\n","protected":false},"author":4,"featured_media":10421,"comment_status":"open","ping_status":"open","sticky":false,"template":"","format":"standard","meta":{"footnotes":""},"categories":[1524,2,1514,15,12],"tags":[879,353,58],"_links":{"self":[{"href":"https:\/\/centralmedia.rs\/index.php\/wp-json\/wp\/v2\/posts\/10420"}],"collection":[{"href":"https:\/\/centralmedia.rs\/index.php\/wp-json\/wp\/v2\/posts"}],"about":[{"href":"https:\/\/centralmedia.rs\/index.php\/wp-json\/wp\/v2\/types\/post"}],"author":[{"embeddable":true,"href":"https:\/\/centralmedia.rs\/index.php\/wp-json\/wp\/v2\/users\/4"}],"replies":[{"embeddable":true,"href":"https:\/\/centralmedia.rs\/index.php\/wp-json\/wp\/v2\/comments?post=10420"}],"version-history":[{"count":1,"href":"https:\/\/centralmedia.rs\/index.php\/wp-json\/wp\/v2\/posts\/10420\/revisions"}],"predecessor-version":[{"id":10423,"href":"https:\/\/centralmedia.rs\/index.php\/wp-json\/wp\/v2\/posts\/10420\/revisions\/10423"}],"wp:featuredmedia":[{"embeddable":true,"href":"https:\/\/centralmedia.rs\/index.php\/wp-json\/wp\/v2\/media\/10421"}],"wp:attachment":[{"href":"https:\/\/centralmedia.rs\/index.php\/wp-json\/wp\/v2\/media?parent=10420"}],"wp:term":[{"taxonomy":"category","embeddable":true,"href":"https:\/\/centralmedia.rs\/index.php\/wp-json\/wp\/v2\/categories?post=10420"},{"taxonomy":"post_tag","embeddable":true,"href":"https:\/\/centralmedia.rs\/index.php\/wp-json\/wp\/v2\/tags?post=10420"}],"curies":[{"name":"wp","href":"https:\/\/api.w.org\/{rel}","templated":true}]}}