{"id":10424,"date":"2017-11-08T14:49:30","date_gmt":"2017-11-08T14:49:30","guid":{"rendered":"http:\/\/centralmedia.rs\/?p=10424"},"modified":"2017-11-08T14:50:16","modified_gmt":"2017-11-08T14:50:16","slug":"dan-prosvetnih-radnika-srbije","status":"publish","type":"post","link":"https:\/\/centralmedia.rs\/index.php\/2017\/11\/08\/dan-prosvetnih-radnika-srbije\/","title":{"rendered":"DAN PROSVETNIH RADNIKA SRBIJE"},"content":{"rendered":"<p>\u0106UPRIJA-Na 1. Konferenciji povodom 8. novembra Dana prosvetnih radnika Srbije, \u00a0potpisan je Ugovor o saradnji i formiranju Unije Visoke medicinske \u0161kole iz \u0106uprije,Medicinske \u0161kole iz \u0106uprije i Tehnolo\u0161ke \u0161kole iz Para\u0107ina. Podru\u010dja rada su prosveta, zdravstvo i socijalna za\u0161tita na teritoriji Pomoravskog okruga.<a href=\"https:\/\/centralmedia.rs\/wp-content\/uploads\/2017\/11\/direktori-potpisuju-ugovora.jpg\"><img loading=\"lazy\" decoding=\"async\" class=\"alignright size-medium wp-image-10426\" src=\"https:\/\/centralmedia.rs\/wp-content\/uploads\/2017\/11\/direktori-potpisuju-ugovora-300x205.jpg\" alt=\"\" width=\"300\" height=\"205\" srcset=\"https:\/\/centralmedia.rs\/wp-content\/uploads\/2017\/11\/direktori-potpisuju-ugovora-300x205.jpg 300w, https:\/\/centralmedia.rs\/wp-content\/uploads\/2017\/11\/direktori-potpisuju-ugovora-768x524.jpg 768w, https:\/\/centralmedia.rs\/wp-content\/uploads\/2017\/11\/direktori-potpisuju-ugovora-218x150.jpg 218w, https:\/\/centralmedia.rs\/wp-content\/uploads\/2017\/11\/direktori-potpisuju-ugovora.jpg 900w\" sizes=\"(max-width: 300px) 100vw, 300px\" \/><\/a><\/p>\n<p>-VM\u0160 je jedina visoka prosvetna ustanova u Srbiji koja je pokrenula saradnju sa srednjim \u0161kolama. Na ovaj na\u010din pokazali smo da treba da sara\u0111ujemo na svim nivoima i da postoji kontinuitet. Dr\u017eava ula\u017ee veliki trud u obrazovanje, a saradnja izme\u0111u visokih i srednjih \u0161kola treba da bude \u0161to ja\u010da, rekao je direktor VM\u0160 dr Hristos Aleksopulos.<\/p>\n<p>Na temu \u00a0plana rada Unije odr\u017ean je Okrugli sto na kome su u\u010de\u0161\u0107e uzeli Direktori, pedagozi, predstavnici studentskog parlamenta i u\u010deni\u010dkih parlamenta \u0161kola osniva\u010da.<\/p>\n<p>-Saradnja je ve\u0107 godina na izuzetnom nivou, \u0161kolujemo u\u010denike koji nastavljaju obrazovanje u VM\u0160. Formiranjem Unije poku\u0161a\u0107emo da kroz razne aktivnosti umtemeljimo obrazovanje. O\u010dekujemo u\u010de\u0161\u0107e na seminarima na razne aktuelne teme, jer tu ne postoji granica i me\u0111a, deci su potebna dodatna znanja, istakla \u00a0je direktorka Medicinske \u0161kole Zorica Marinkovi\u0107.<\/p>\n<figure id=\"attachment_10427\" aria-describedby=\"caption-attachment-10427\" style=\"width: 300px\" class=\"wp-caption alignright\"><a href=\"https:\/\/centralmedia.rs\/wp-content\/uploads\/2017\/11\/hristos-aleksopuls-i-andjela-pavlovic.jpg\"><img loading=\"lazy\" decoding=\"async\" class=\"size-medium wp-image-10427\" src=\"https:\/\/centralmedia.rs\/wp-content\/uploads\/2017\/11\/hristos-aleksopuls-i-andjela-pavlovic-300x209.jpg\" alt=\"\" width=\"300\" height=\"209\" srcset=\"https:\/\/centralmedia.rs\/wp-content\/uploads\/2017\/11\/hristos-aleksopuls-i-andjela-pavlovic-300x209.jpg 300w, https:\/\/centralmedia.rs\/wp-content\/uploads\/2017\/11\/hristos-aleksopuls-i-andjela-pavlovic-768x536.jpg 768w, https:\/\/centralmedia.rs\/wp-content\/uploads\/2017\/11\/hristos-aleksopuls-i-andjela-pavlovic-1024x714.jpg 1024w, https:\/\/centralmedia.rs\/wp-content\/uploads\/2017\/11\/hristos-aleksopuls-i-andjela-pavlovic-100x70.jpg 100w\" sizes=\"(max-width: 300px) 100vw, 300px\" \/><\/a><figcaption id=\"caption-attachment-10427\" class=\"wp-caption-text\">Hristos Aleksopulos i An\u0111ela Mihajlovi\u0107<\/figcaption><\/figure>\n<p>Pozori\u0161na predstava Doma u\u010denika srednjih \u0161kola \u201eKul-kul\u201c odu\u0161evila je prisutne u\u010denike u amfiteatru. Odr\u017eana je prezentacija na temu \u201eTajna dobrog vaspitanja i uspe\u0161nog obrazovanja le\u017ei u po\u0161tovanju li\u010dnosti mladih\u201c.<\/p>\n<p>-Normalno je i prirodno da sara\u0111ujemo sa onim koji su u vertikali obrazovanja. Srednje \u0161kole na\u0107i \u0107e u VM\u0160 dobrog saradnika u smislu boljeg obrazovanja u\u010denika, bolje saradnje i kompetencija, me\u0111unardone saradnje i izrade projekta. Pripremamo zajedni\u010de akcije, najavljuje direktor Tehnolo\u0161ka \u0161kole Dejan Ne\u0161i\u0107.<\/p>\n<p>Najbolji literarni rad napisala je An\u0111ela Mihajlovi\u0107.<\/p>\n","protected":false},"excerpt":{"rendered":"<p>\u0106UPRIJA-Na 1. Konferenciji povodom 8. novembra Dana prosvetnih radnika Srbije, \u00a0potpisan je Ugovor o saradnji i formiranju Unije Visoke medicinske \u0161kole iz \u0106uprije,Medicinske \u0161kole iz &hellip; <\/p>\n","protected":false},"author":4,"featured_media":10425,"comment_status":"open","ping_status":"open","sticky":false,"template":"","format":"standard","meta":{"footnotes":""},"categories":[1515,14,1524,2,887,12],"tags":[2451,2450],"_links":{"self":[{"href":"https:\/\/centralmedia.rs\/index.php\/wp-json\/wp\/v2\/posts\/10424"}],"collection":[{"href":"https:\/\/centralmedia.rs\/index.php\/wp-json\/wp\/v2\/posts"}],"about":[{"href":"https:\/\/centralmedia.rs\/index.php\/wp-json\/wp\/v2\/types\/post"}],"author":[{"embeddable":true,"href":"https:\/\/centralmedia.rs\/index.php\/wp-json\/wp\/v2\/users\/4"}],"replies":[{"embeddable":true,"href":"https:\/\/centralmedia.rs\/index.php\/wp-json\/wp\/v2\/comments?post=10424"}],"version-history":[{"count":2,"href":"https:\/\/centralmedia.rs\/index.php\/wp-json\/wp\/v2\/posts\/10424\/revisions"}],"predecessor-version":[{"id":10429,"href":"https:\/\/centralmedia.rs\/index.php\/wp-json\/wp\/v2\/posts\/10424\/revisions\/10429"}],"wp:featuredmedia":[{"embeddable":true,"href":"https:\/\/centralmedia.rs\/index.php\/wp-json\/wp\/v2\/media\/10425"}],"wp:attachment":[{"href":"https:\/\/centralmedia.rs\/index.php\/wp-json\/wp\/v2\/media?parent=10424"}],"wp:term":[{"taxonomy":"category","embeddable":true,"href":"https:\/\/centralmedia.rs\/index.php\/wp-json\/wp\/v2\/categories?post=10424"},{"taxonomy":"post_tag","embeddable":true,"href":"https:\/\/centralmedia.rs\/index.php\/wp-json\/wp\/v2\/tags?post=10424"}],"curies":[{"name":"wp","href":"https:\/\/api.w.org\/{rel}","templated":true}]}}