{"id":10449,"date":"2017-11-10T21:59:08","date_gmt":"2017-11-10T21:59:08","guid":{"rendered":"http:\/\/centralmedia.rs\/?p=10449"},"modified":"2017-11-10T22:24:10","modified_gmt":"2017-11-10T22:24:10","slug":"gradonacelnik-austrijskog-trofaiaha-priredio-prijem-za-predstavnike-zork-jagodina","status":"publish","type":"post","link":"https:\/\/centralmedia.rs\/index.php\/2017\/11\/10\/gradonacelnik-austrijskog-trofaiaha-priredio-prijem-za-predstavnike-zork-jagodina\/","title":{"rendered":"GRADONA\u010cELNIK AUSTRIJSKOG TROFAIAHA PRIREDIO PRIJEM ZA PREDSTAVNIKE \u017dORK JAGODINA"},"content":{"rendered":"<p>TROFAIAH-Gradona\u010delnik Trofaiaha u Austriji Mario Abl ugostio je danas delegaciju \u017eenskog rukometnog kluba Jagodina, koji se sutra u \u00a03. kola \u010celend\u017e kupa EHF sastaju ekipom iz tog alpskog gradi\u0107a.<\/p>\n<figure id=\"attachment_10451\" aria-describedby=\"caption-attachment-10451\" style=\"width: 210px\" class=\"wp-caption alignright\"><a href=\"https:\/\/centralmedia.rs\/wp-content\/uploads\/2017\/11\/miladinovic-i-abl.jpg\"><img loading=\"lazy\" decoding=\"async\" class=\"size-medium wp-image-10451\" src=\"https:\/\/centralmedia.rs\/wp-content\/uploads\/2017\/11\/miladinovic-i-abl-210x300.jpg\" alt=\"\" width=\"210\" height=\"300\" srcset=\"https:\/\/centralmedia.rs\/wp-content\/uploads\/2017\/11\/miladinovic-i-abl-210x300.jpg 210w, https:\/\/centralmedia.rs\/wp-content\/uploads\/2017\/11\/miladinovic-i-abl.jpg 630w\" sizes=\"(max-width: 210px) 100vw, 210px\" \/><\/a><figcaption id=\"caption-attachment-10451\" class=\"wp-caption-text\">Aleksandar Miladinovi\u0107 i Mario Abl<\/figcaption><\/figure>\n<p>-Ovo je na\u0161e prvo u\u010de\u0161\u0107e u evrokupovima, ali nadam se ne i poslednje. \u017delimo saradnju sa rukometnim klubom, ali gradom Jagodina na svim poljima. Naro\u010dito nas zanima razmena poseta u\u010denika osnovnih i srednjih \u0161kola. Na\u0161 cilj je da podelimo iskustva i sara\u0111ujemo u svim oblastima, rekao je Abl.<\/p>\n<p>Predsednik \u017dORK Jagodina Aleksandar Miladinovi\u0107 je prezentovao socijalni program tog grada, dinami\u010dan rast i najzna\u010dajnije privredne uspehe u protekloj deceniji.<\/p>\n<p>-Zainteresovani smo za sportsku i svaku drugu saradnju kao klub i grad. Na\u0161a iskustva u radu sa mladima su bogata, jer grad kroz jedinstvenu socijalnu politiku prati mlade ljude od ro\u0111enje do zaposlenja. Zanimaju nas i va\u0161a iskustva, ali i razmena poseta na sportskom i svakom drugom planu, rekao je Miladinovi\u0107 koji je Ablu poklonio zastavicu kluba i tradicionalne srpske proizvode.<\/p>\n<p>Prvi me\u010d igra se u alpskom gradi\u0107u Trofaiah u subotu \u00a011. Novembra u 19 sati, a revan\u0161 je 18. novembra u Jagodini. Izme\u0111u te dve utakmice \u00a0Jagodinke su primorane da igraju u sredu prvenstveni me\u010d 9. kola sa ekipom Bora. Rukovodstvo Superlige bilo je neumoljivo.<\/p>\n","protected":false},"excerpt":{"rendered":"<p>TROFAIAH-Gradona\u010delnik Trofaiaha u Austriji Mario Abl ugostio je danas delegaciju \u017eenskog rukometnog kluba Jagodina, koji se sutra u \u00a03. kola \u010celend\u017e kupa EHF sastaju ekipom &hellip; <\/p>\n","protected":false},"author":4,"featured_media":10450,"comment_status":"open","ping_status":"open","sticky":false,"template":"","format":"standard","meta":{"footnotes":""},"categories":[14,1524,2,1514,12],"tags":[2453,58,220,2458,2459],"_links":{"self":[{"href":"https:\/\/centralmedia.rs\/index.php\/wp-json\/wp\/v2\/posts\/10449"}],"collection":[{"href":"https:\/\/centralmedia.rs\/index.php\/wp-json\/wp\/v2\/posts"}],"about":[{"href":"https:\/\/centralmedia.rs\/index.php\/wp-json\/wp\/v2\/types\/post"}],"author":[{"embeddable":true,"href":"https:\/\/centralmedia.rs\/index.php\/wp-json\/wp\/v2\/users\/4"}],"replies":[{"embeddable":true,"href":"https:\/\/centralmedia.rs\/index.php\/wp-json\/wp\/v2\/comments?post=10449"}],"version-history":[{"count":2,"href":"https:\/\/centralmedia.rs\/index.php\/wp-json\/wp\/v2\/posts\/10449\/revisions"}],"predecessor-version":[{"id":10453,"href":"https:\/\/centralmedia.rs\/index.php\/wp-json\/wp\/v2\/posts\/10449\/revisions\/10453"}],"wp:featuredmedia":[{"embeddable":true,"href":"https:\/\/centralmedia.rs\/index.php\/wp-json\/wp\/v2\/media\/10450"}],"wp:attachment":[{"href":"https:\/\/centralmedia.rs\/index.php\/wp-json\/wp\/v2\/media?parent=10449"}],"wp:term":[{"taxonomy":"category","embeddable":true,"href":"https:\/\/centralmedia.rs\/index.php\/wp-json\/wp\/v2\/categories?post=10449"},{"taxonomy":"post_tag","embeddable":true,"href":"https:\/\/centralmedia.rs\/index.php\/wp-json\/wp\/v2\/tags?post=10449"}],"curies":[{"name":"wp","href":"https:\/\/api.w.org\/{rel}","templated":true}]}}