{"id":1048,"date":"2015-10-28T21:37:31","date_gmt":"2015-10-28T21:37:31","guid":{"rendered":"http:\/\/centralmedia.rs\/?p=1048"},"modified":"2015-10-28T21:37:31","modified_gmt":"2015-10-28T21:37:31","slug":"raseljeni-zele-u-parlament-srbije","status":"publish","type":"post","link":"https:\/\/centralmedia.rs\/index.php\/2015\/10\/28\/raseljeni-zele-u-parlament-srbije\/","title":{"rendered":"RASELJENI \u017dELE U PARLAMENT SRBIJE"},"content":{"rendered":"<p>PARA\u0106IN-Koalicija udru\u017eenja raseljenih lica sa Kosova i Metohije odr\u017eala konstitutivnu sednicu u sredu i jedan od zaklju\u010daka je da \u0107e ,,blagovremeno biti doneta odluka o u\u010de\u0161\u0107u na parlamentarnim izborima u Srbiji\u201c, izjavio je predsednik udru\u017eenja Kosovski bo\u017euri Milo\u0161 Stojkovi\u0107 iz Para\u0107ina, koji je izabran za predsednika te koalicije. Koaliciju \u010dini 20 udru\u017eenja iz gotovo svih mesta na KIM.<br \/>\n\t-Kad god budu raspisani pralamentarni izbori, done\u0107emo odluku o u\u010destvovanju, kako bi se glas raseljenih po prvi put \u010duo u Skup\u0161tini Srbije, rekao je Stojkovi\u0107, koji je jednoglasno izabran za predsednika te koalicije.<br \/>\nOn je dodao da je na sednici konstatovano da raseljeni udru\u017eeni u jedan korpus, koji \u0107e \u010diniti ova koalicija, mogu bolje i lak\u0161e ostvariti svoja prava i nastaviti borbu za povratak svojim vekovnim ognji\u0161tima.<\/p>\n","protected":false},"excerpt":{"rendered":"<p>PARA\u0106IN-Koalicija udru\u017eenja raseljenih lica sa Kosova i Metohije odr\u017eala konstitutivnu sednicu u sredu i jedan od zaklju\u010daka je da \u0107e ,,blagovremeno biti doneta odluka o &hellip; <\/p>\n","protected":false},"author":4,"featured_media":0,"comment_status":"open","ping_status":"open","sticky":false,"template":"","format":"standard","meta":{"footnotes":""},"categories":[13,12],"tags":[182,181,180],"_links":{"self":[{"href":"https:\/\/centralmedia.rs\/index.php\/wp-json\/wp\/v2\/posts\/1048"}],"collection":[{"href":"https:\/\/centralmedia.rs\/index.php\/wp-json\/wp\/v2\/posts"}],"about":[{"href":"https:\/\/centralmedia.rs\/index.php\/wp-json\/wp\/v2\/types\/post"}],"author":[{"embeddable":true,"href":"https:\/\/centralmedia.rs\/index.php\/wp-json\/wp\/v2\/users\/4"}],"replies":[{"embeddable":true,"href":"https:\/\/centralmedia.rs\/index.php\/wp-json\/wp\/v2\/comments?post=1048"}],"version-history":[{"count":0,"href":"https:\/\/centralmedia.rs\/index.php\/wp-json\/wp\/v2\/posts\/1048\/revisions"}],"wp:attachment":[{"href":"https:\/\/centralmedia.rs\/index.php\/wp-json\/wp\/v2\/media?parent=1048"}],"wp:term":[{"taxonomy":"category","embeddable":true,"href":"https:\/\/centralmedia.rs\/index.php\/wp-json\/wp\/v2\/categories?post=1048"},{"taxonomy":"post_tag","embeddable":true,"href":"https:\/\/centralmedia.rs\/index.php\/wp-json\/wp\/v2\/tags?post=1048"}],"curies":[{"name":"wp","href":"https:\/\/api.w.org\/{rel}","templated":true}]}}