{"id":10525,"date":"2017-11-17T15:20:18","date_gmt":"2017-11-17T15:20:18","guid":{"rendered":"http:\/\/centralmedia.rs\/?p=10525"},"modified":"2017-11-17T15:27:31","modified_gmt":"2017-11-17T15:27:31","slug":"bosnjak-vece-zarade-u-javnom-sektoru","status":"publish","type":"post","link":"https:\/\/centralmedia.rs\/index.php\/2017\/11\/17\/bosnjak-vece-zarade-u-javnom-sektoru\/","title":{"rendered":"BO\u0160NJAK : VE\u0106E ZARADE U JAVNOM SEKTORU"},"content":{"rendered":"<p>\u0106UPRIJA-Od naredne godine ve\u0107a primanja ima\u0107e zaposleni na svim nivoima javnog sektora, izjavio je dr\u017eavni sekretar Ministarstva za dr\u017eavnu upravu i lokalnu samourpavu Ivan Bo\u0161njak. On je u Visokoj medicinskoj \u0161koli strukovnih studija u \u0106upriji iz prisustvovao obele\u017eavanju Me\u0111unarodnog dana studenata.<\/p>\n<p>-Privodimo kraju zakonska re\u0161enje koja se odnose na zarade u javnim slu\u017ebama. U ovom trenutku malo vi\u0161e zavisi od Ministarstva finansija, \u0161to se nas ti\u010de dogovorili smo sa sindikatima, odr\u017eana je sednica socioekonomskog saveta. O\u010dekujem da ono \u0161to je dogovoreno i planirano bude realizovano u potpunosti, odnosno ono \u0161to smo politi\u010dki najavili da bude i operativno realizovano. Procenat pove\u0107anja zarada u javnom sektoru saop\u0161ti\u0107e neko ko je odgovorniji i na vi\u0161im pozicijama, dodao je Bo\u0161njak.<\/p>\n<p>On je istakao da je njega privilegija \u0161to je sa studentima VM\u0160.<\/p>\n<p>-Prioritet \u00a0Vlade Srbije je una\u0161re\u0111enje znanja i kompetencija. Ovakva ustanova zaslu\u017euje da bude u fokusu dr\u017eavnih organa, jer zna\u010daj VM\u0160 prevazlazi lokalne i nacionalne okvire, dodao je Bo\u0161njak<\/p>\n<p>Direktor \u0161kole prof dr Hristos Aleksopulos istakao da je strategija te ustanove student na prvom mestu.<\/p>\n<p>-Studenti moraju da znaju da smo mi sa njima, na njihovoh strani i da se borimo zajedno sa njima. Dr\u017eava nam je poverila zadatak da brinemo o njihom obrazvanju. Ratovi su se vodili oru\u017ejem, a sada olovkama i znanjem. \u017delimo da na\u0161e studente naoru\u017eamo znanjem. Znanje ne mo\u017ee da se ukrade, istakao je on.<\/p>\n<div id='gallery-1' class='gallery galleryid-10525 gallery-columns-2 gallery-size-full'><figure class='gallery-item'>\n\t\t\t<div class='gallery-icon landscape'>\n\t\t\t\t<a href='https:\/\/centralmedia.rs\/index.php\/2017\/11\/17\/bosnjak-vece-zarade-u-javnom-sektoru\/nagradjeni-studenti\/'><img loading=\"lazy\" decoding=\"async\" width=\"900\" height=\"675\" src=\"https:\/\/centralmedia.rs\/wp-content\/uploads\/2017\/11\/nagradjeni-studenti.jpg\" class=\"attachment-full size-full\" alt=\"\" srcset=\"https:\/\/centralmedia.rs\/wp-content\/uploads\/2017\/11\/nagradjeni-studenti.jpg 900w, https:\/\/centralmedia.rs\/wp-content\/uploads\/2017\/11\/nagradjeni-studenti-300x225.jpg 300w, https:\/\/centralmedia.rs\/wp-content\/uploads\/2017\/11\/nagradjeni-studenti-768x576.jpg 768w, https:\/\/centralmedia.rs\/wp-content\/uploads\/2017\/11\/nagradjeni-studenti-80x60.jpg 80w, https:\/\/centralmedia.rs\/wp-content\/uploads\/2017\/11\/nagradjeni-studenti-265x198.jpg 265w\" sizes=\"(max-width: 900px) 100vw, 900px\" \/><\/a>\n\t\t\t<\/div><\/figure><figure class='gallery-item'>\n\t\t\t<div class='gallery-icon landscape'>\n\t\t\t\t<a href='https:\/\/centralmedia.rs\/index.php\/2017\/11\/17\/bosnjak-vece-zarade-u-javnom-sektoru\/studenti-6\/'><img loading=\"lazy\" decoding=\"async\" width=\"900\" height=\"675\" src=\"https:\/\/centralmedia.rs\/wp-content\/uploads\/2017\/11\/studenti.jpg\" class=\"attachment-full size-full\" alt=\"\" srcset=\"https:\/\/centralmedia.rs\/wp-content\/uploads\/2017\/11\/studenti.jpg 900w, https:\/\/centralmedia.rs\/wp-content\/uploads\/2017\/11\/studenti-300x225.jpg 300w, https:\/\/centralmedia.rs\/wp-content\/uploads\/2017\/11\/studenti-768x576.jpg 768w, https:\/\/centralmedia.rs\/wp-content\/uploads\/2017\/11\/studenti-80x60.jpg 80w, https:\/\/centralmedia.rs\/wp-content\/uploads\/2017\/11\/studenti-265x198.jpg 265w\" sizes=\"(max-width: 900px) 100vw, 900px\" \/><\/a>\n\t\t\t<\/div><\/figure>\n\t\t<\/div>\n\n<p>Najboljim studnetima uru\u010dene su nagrade, dok je Lazaru Stevanovi\u0107u uru\u010dena je stipendija Visoke zdravstve \u0161kole iz Vitentura iz \u0160vajcarske, a \u0107uprijska \u0161kola ga je nagradila sa ra\u010dunarskom opremom i putovanjem.Dan studenata obele\u017eava se kao simbol borbe za demokratsko obrazovanje i dru\u0161tvo i se\u0107anje na 17. novembar 1939. godine kada su nacisti pogubili 20 \u010dehoslova\u010dkih studenata koji su protestovali protiv okupacije. Visoka medicinska \u0161kola strukovnih studija \u0106uprija osnovana je 1998. godine, a od\u00a02005. godine radi u novoj zgradi od 8.500m<sup>2<\/sup> sa novim, modernim amfiteatrom sa preko 2.000 aktivnih studenata.<\/p>\n<p>&nbsp;<\/p>\n","protected":false},"excerpt":{"rendered":"<p>\u0106UPRIJA-Od naredne godine ve\u0107a primanja ima\u0107e zaposleni na svim nivoima javnog sektora, izjavio je dr\u017eavni sekretar Ministarstva za dr\u017eavnu upravu i lokalnu samourpavu Ivan Bo\u0161njak. &hellip; <\/p>\n","protected":false},"author":4,"featured_media":10526,"comment_status":"open","ping_status":"open","sticky":false,"template":"","format":"standard","meta":{"footnotes":""},"categories":[1515,14,1524,2,887,12],"tags":[44,2477,1687],"_links":{"self":[{"href":"https:\/\/centralmedia.rs\/index.php\/wp-json\/wp\/v2\/posts\/10525"}],"collection":[{"href":"https:\/\/centralmedia.rs\/index.php\/wp-json\/wp\/v2\/posts"}],"about":[{"href":"https:\/\/centralmedia.rs\/index.php\/wp-json\/wp\/v2\/types\/post"}],"author":[{"embeddable":true,"href":"https:\/\/centralmedia.rs\/index.php\/wp-json\/wp\/v2\/users\/4"}],"replies":[{"embeddable":true,"href":"https:\/\/centralmedia.rs\/index.php\/wp-json\/wp\/v2\/comments?post=10525"}],"version-history":[{"count":2,"href":"https:\/\/centralmedia.rs\/index.php\/wp-json\/wp\/v2\/posts\/10525\/revisions"}],"predecessor-version":[{"id":10530,"href":"https:\/\/centralmedia.rs\/index.php\/wp-json\/wp\/v2\/posts\/10525\/revisions\/10530"}],"wp:featuredmedia":[{"embeddable":true,"href":"https:\/\/centralmedia.rs\/index.php\/wp-json\/wp\/v2\/media\/10526"}],"wp:attachment":[{"href":"https:\/\/centralmedia.rs\/index.php\/wp-json\/wp\/v2\/media?parent=10525"}],"wp:term":[{"taxonomy":"category","embeddable":true,"href":"https:\/\/centralmedia.rs\/index.php\/wp-json\/wp\/v2\/categories?post=10525"},{"taxonomy":"post_tag","embeddable":true,"href":"https:\/\/centralmedia.rs\/index.php\/wp-json\/wp\/v2\/tags?post=10525"}],"curies":[{"name":"wp","href":"https:\/\/api.w.org\/{rel}","templated":true}]}}