{"id":10639,"date":"2017-12-01T21:44:27","date_gmt":"2017-12-01T21:44:27","guid":{"rendered":"http:\/\/centralmedia.rs\/?p=10639"},"modified":"2017-12-01T21:44:27","modified_gmt":"2017-12-01T21:44:27","slug":"tribina-u-cupriji-medjunarodni-dan-borbe-protiv-nasilja-nad-zenama","status":"publish","type":"post","link":"https:\/\/centralmedia.rs\/index.php\/2017\/12\/01\/tribina-u-cupriji-medjunarodni-dan-borbe-protiv-nasilja-nad-zenama\/","title":{"rendered":"TRIBINA U \u0106UPRIJI &#8211; ME\u0110UNARODNI DAN BORBE PROTIV NASILJA NAD \u017dENAMA"},"content":{"rendered":"<p>\u0106UPRIJA-Zakon o spre\u010davanju nasilja u porodici, koji je stupio na snagu 1. juna ove godine, doneo je napredak u odgovoru na pojavu nasilja, ali se \u010dini da sistem nije u potpunosti spreman za njegov dubinski i sveobuhvatni uticaj, ocena je koju je stru\u010dna javnost iznela na tribini u \u0106upriji.<\/p>\n<p>-Zakon o spre\u010davanju nasilja u porodici reguli\u0161e prevenciju, koju dosad nismo imali; dok se osnovni zakoni bave eskalacijom, ovim normativnim aktom \u0161aljemo poruku da nasilje nije dozvoljeno &#8211; rekla je u svom u\u010de\u0161\u0107u na tribini povodom Me\u0111unarodnog dana borbe protiv nasilja nad \u017eenama Dijana Malba\u0161a, pravnica beogradskog Autonomnog \u017eenskog centra, na opasku \u0107uprijskih socijalnih radnika koji smatraju da \u201ezakon nije lo\u0161, ali da i dalje postoji nesistemski pristup ovom problemu\u201c. \u017drtve su, prema stru\u010dnjacima Centra za socijalni rad, \u017eene koje su uglavnom ekonomskli zavisne od nasilnika, a tako\u0111e, kako im govori praksa, \u017ertve nasilja jo\u0161 uvek nemaju veru u sistem.<\/p>\n<blockquote><p>Nasilnici su i rafinirane osobe<\/p><\/blockquote>\n<ul>\n<li>\n<blockquote><p>Te\u0161ko je da spoljna sredina prepozna nasilnika jer su neki vrlo rafinirane osobe, inteligentne i obrazovane. Va\u017eno je re\u0107i da nasilje pripada karakteru, a ne inteligenciji, a karakter se formira do \u010detvrte-pete godine \u017eivota. Zato se ovakav oblik pona\u0161anja u\u010di i\/ili se na njega navikava, pa je porodi\u010dno nasilje opasno po celo dru\u0161tvo \u2013 rekla je na tribini Vesna Mirkovi\u0107.<\/p><\/blockquote>\n<\/li>\n<\/ul>\n<p>Ipak, sintetizovano je mi\u0161ljenje u\u010desnika tribine da je Zakon o spre\u010davanju nasilja u porodici doneo va\u017ene novine. Jedna od njih svakako predstavlja paket hitnih mera, koje podrazumevaju da policijski slu\u017ebenik, nadle\u017ean i obu\u010den za delovanje u slu\u010daju porodi\u010dnog nasilja, sada ima ovla\u0161\u0107enje da privremeno udalji u\u010dinioca nasilja i da mu izrekne meru privremene zabrane prilaza i kontakta za \u017ertvom. Ove hitne mere traju 48 sati, a kako je na tribini objasnila Milena Milutinovi\u0107 iz Policijske stanice \u0106uprija, sud ima i instrument izricanja produ\u017eenih hitnih mera, koje traju 30 dana. Va\u017eno je naglasiti da izricanje hitnih mera omogu\u0107avaju efikasniju za\u0161titu \u017ertava po principu \u201esada i odmah\u201c, kao i to da ova ovla\u0161\u0107enja policije ne zavise od \u010dinjenice da li ima elemenata prekr\u0161ajnog ili krivi\u010dnog dela. Zato je procena rizika u slu\u010dajevima potencijalnog porodi\u010dnog nasilja vrlo va\u017ena, kako bi \u017ertve bile za\u0161ti\u0107ene a zakonska ovla\u0161\u0107enja stavila isklju\u010divo u slu\u017ebu borbe protiv nasilja.<\/p>\n<p>Ina\u010de, u daljoj borbi protiv nasilja u porodici, zakon je predvideo obavezu obrazovanja grupa za koordinaciju i saradnju, koje \u010dine predstavnici nadle\u017enog osnovnog javnog tu\u017eila\u0161tva, policije i centra za socijalni rad, tako da je institucionalna koordinacija i saradnja u borbi protiv nasilja sada ure\u0111ena i normativnim aktima.<\/p>\n<p>\u0160to se ti\u010de vrsta nasilja, danas se susre\u0107emo, osim sa fizi\u010dkim, i sa psihi\u010dkim, seksualnim i ekonomskim nasiljem, ka\u017ee psiholo\u0161kinja Centra za socijalni rad iz \u0106uprije Vesna Mirkovi\u0107, koja isti\u010de da je u borbi protiv nasilja nad \u017eenama stru\u010dnjacima najte\u017ee spasiti \u017eenu od same sebe. Zato je potrebno da se \u017eene-\u017ertve osna\u017ee, da im se podigne svest, ali i da im se pru\u017ei sva vrsta pomo\u0107i. Ovde svakako treba skrenuti pa\u017enju na odredbe Zakona o spre\u010davanju nasilja u porodici koje utvr\u0111uju obavezu svih gra\u0111ana da policiji ili javnom tu\u017eila\u0161tvu, bez odlaganja, prijave nasilje u porodici ili neposrednu opasnost od nasilja.<\/p>\n<p>Na tribini, koju je i ovog puta organizovala Narodna biblioteka \u201eDu\u0161an Mati\u0107\u201c, u\u010destvovala je i Dragana Milojevi\u0107, sociolo\u0161kinja \u0107uprijskog Centra za socijalni rad, koja je saglasna sa tezom da u borbi protiv nasilja jo\u0161 mnogo treba institucionalno da se radi, ali da nova zakonska re\u0161enja svakako predstavljaju dobar iskorak u pravom smeru. Jedno od takvih re\u0161enja je da od 1. juna ove godine i sama \u017ertva u\u010destvuje u izradi svog plana za\u0161tite, koji ima za zadatak, izme\u0111u ostalog, da spre\u010di da se nasilje ponovi.<\/p>\n<p>I.C.<\/p>\n","protected":false},"excerpt":{"rendered":"<p>\u0106UPRIJA-Zakon o spre\u010davanju nasilja u porodici, koji je stupio na snagu 1. juna ove godine, doneo je napredak u odgovoru na pojavu nasilja, ali se &hellip; <\/p>\n","protected":false},"author":4,"featured_media":10640,"comment_status":"open","ping_status":"open","sticky":false,"template":"","format":"standard","meta":{"footnotes":""},"categories":[1515,14,1524,2,887,12],"tags":[44,262,681],"_links":{"self":[{"href":"https:\/\/centralmedia.rs\/index.php\/wp-json\/wp\/v2\/posts\/10639"}],"collection":[{"href":"https:\/\/centralmedia.rs\/index.php\/wp-json\/wp\/v2\/posts"}],"about":[{"href":"https:\/\/centralmedia.rs\/index.php\/wp-json\/wp\/v2\/types\/post"}],"author":[{"embeddable":true,"href":"https:\/\/centralmedia.rs\/index.php\/wp-json\/wp\/v2\/users\/4"}],"replies":[{"embeddable":true,"href":"https:\/\/centralmedia.rs\/index.php\/wp-json\/wp\/v2\/comments?post=10639"}],"version-history":[{"count":1,"href":"https:\/\/centralmedia.rs\/index.php\/wp-json\/wp\/v2\/posts\/10639\/revisions"}],"predecessor-version":[{"id":10641,"href":"https:\/\/centralmedia.rs\/index.php\/wp-json\/wp\/v2\/posts\/10639\/revisions\/10641"}],"wp:featuredmedia":[{"embeddable":true,"href":"https:\/\/centralmedia.rs\/index.php\/wp-json\/wp\/v2\/media\/10640"}],"wp:attachment":[{"href":"https:\/\/centralmedia.rs\/index.php\/wp-json\/wp\/v2\/media?parent=10639"}],"wp:term":[{"taxonomy":"category","embeddable":true,"href":"https:\/\/centralmedia.rs\/index.php\/wp-json\/wp\/v2\/categories?post=10639"},{"taxonomy":"post_tag","embeddable":true,"href":"https:\/\/centralmedia.rs\/index.php\/wp-json\/wp\/v2\/tags?post=10639"}],"curies":[{"name":"wp","href":"https:\/\/api.w.org\/{rel}","templated":true}]}}