{"id":10642,"date":"2017-12-01T21:49:09","date_gmt":"2017-12-01T21:49:09","guid":{"rendered":"http:\/\/centralmedia.rs\/?p=10642"},"modified":"2017-12-01T21:49:09","modified_gmt":"2017-12-01T21:49:09","slug":"povodom-1-decembra-svetskog-dana-borbe-protiv-hiv-aktivnosti-gimnazijalaca","status":"publish","type":"post","link":"https:\/\/centralmedia.rs\/index.php\/2017\/12\/01\/povodom-1-decembra-svetskog-dana-borbe-protiv-hiv-aktivnosti-gimnazijalaca\/","title":{"rendered":"POVODOM 1. DECEMBRA SVETSKOG DANA BORBE PROTIV HIV &#8211; AKTIVNOSTI GIMNAZIJALACA"},"content":{"rendered":"<p>JAGODINA-U\u010denici srednjih \u0161kola u Jagodini danas su prisustvoali predavanju o HIV infekciji povodom svetskog Dana borbe protiv te polno prenosive bolesti. Gimnazijalci su zatim delili \u00a0flajere o hiv virusu i besplatne kondome svojim drugovima. Na predavanju je bilo re\u010di o HIV infekciji, odnosno stvaranju svesti kod tinejd\u017eera o tome. Kako dolazi do infekcije, kako se ispoljava i kako se manifestuje, te kako se za\u0161titi.<\/p>\n<div id='gallery-1' class='gallery galleryid-10642 gallery-columns-9 gallery-size-thumbnail'><figure class='gallery-item'>\n\t\t\t<div class='gallery-icon portrait'>\n\t\t\t\t<a href='https:\/\/centralmedia.rs\/index.php\/2017\/12\/01\/povodom-1-decembra-svetskog-dana-borbe-protiv-hiv-aktivnosti-gimnazijalaca\/1-5\/'><img loading=\"lazy\" decoding=\"async\" width=\"150\" height=\"150\" src=\"https:\/\/centralmedia.rs\/wp-content\/uploads\/2017\/12\/1-150x150.jpg\" class=\"attachment-thumbnail size-thumbnail\" alt=\"\" \/><\/a>\n\t\t\t<\/div><\/figure><figure class='gallery-item'>\n\t\t\t<div class='gallery-icon portrait'>\n\t\t\t\t<a href='https:\/\/centralmedia.rs\/index.php\/2017\/12\/01\/povodom-1-decembra-svetskog-dana-borbe-protiv-hiv-aktivnosti-gimnazijalaca\/2-6\/'><img loading=\"lazy\" decoding=\"async\" width=\"150\" height=\"150\" src=\"https:\/\/centralmedia.rs\/wp-content\/uploads\/2017\/12\/2-150x150.jpg\" class=\"attachment-thumbnail size-thumbnail\" alt=\"\" \/><\/a>\n\t\t\t<\/div><\/figure><figure class='gallery-item'>\n\t\t\t<div class='gallery-icon portrait'>\n\t\t\t\t<a href='https:\/\/centralmedia.rs\/index.php\/2017\/12\/01\/povodom-1-decembra-svetskog-dana-borbe-protiv-hiv-aktivnosti-gimnazijalaca\/3-8\/'><img loading=\"lazy\" decoding=\"async\" width=\"150\" height=\"150\" src=\"https:\/\/centralmedia.rs\/wp-content\/uploads\/2017\/12\/3-150x150.jpg\" class=\"attachment-thumbnail size-thumbnail\" alt=\"\" \/><\/a>\n\t\t\t<\/div><\/figure><figure class='gallery-item'>\n\t\t\t<div class='gallery-icon portrait'>\n\t\t\t\t<a href='https:\/\/centralmedia.rs\/index.php\/2017\/12\/01\/povodom-1-decembra-svetskog-dana-borbe-protiv-hiv-aktivnosti-gimnazijalaca\/4-4\/'><img loading=\"lazy\" decoding=\"async\" width=\"150\" height=\"150\" src=\"https:\/\/centralmedia.rs\/wp-content\/uploads\/2017\/12\/4-150x150.jpg\" class=\"attachment-thumbnail size-thumbnail\" alt=\"\" \/><\/a>\n\t\t\t<\/div><\/figure><figure class='gallery-item'>\n\t\t\t<div class='gallery-icon portrait'>\n\t\t\t\t<a href='https:\/\/centralmedia.rs\/index.php\/2017\/12\/01\/povodom-1-decembra-svetskog-dana-borbe-protiv-hiv-aktivnosti-gimnazijalaca\/5-2\/'><img loading=\"lazy\" decoding=\"async\" width=\"150\" height=\"150\" src=\"https:\/\/centralmedia.rs\/wp-content\/uploads\/2017\/12\/5-150x150.jpg\" class=\"attachment-thumbnail size-thumbnail\" alt=\"\" \/><\/a>\n\t\t\t<\/div><\/figure><figure class='gallery-item'>\n\t\t\t<div class='gallery-icon portrait'>\n\t\t\t\t<a href='https:\/\/centralmedia.rs\/index.php\/2017\/12\/01\/povodom-1-decembra-svetskog-dana-borbe-protiv-hiv-aktivnosti-gimnazijalaca\/6-2\/'><img loading=\"lazy\" decoding=\"async\" width=\"150\" height=\"150\" src=\"https:\/\/centralmedia.rs\/wp-content\/uploads\/2017\/12\/6-150x150.jpg\" class=\"attachment-thumbnail size-thumbnail\" alt=\"\" \/><\/a>\n\t\t\t<\/div><\/figure><figure class='gallery-item'>\n\t\t\t<div class='gallery-icon portrait'>\n\t\t\t\t<a href='https:\/\/centralmedia.rs\/index.php\/2017\/12\/01\/povodom-1-decembra-svetskog-dana-borbe-protiv-hiv-aktivnosti-gimnazijalaca\/7-3\/'><img loading=\"lazy\" decoding=\"async\" width=\"150\" height=\"150\" src=\"https:\/\/centralmedia.rs\/wp-content\/uploads\/2017\/12\/7-150x150.jpg\" class=\"attachment-thumbnail size-thumbnail\" alt=\"\" \/><\/a>\n\t\t\t<\/div><\/figure><figure class='gallery-item'>\n\t\t\t<div class='gallery-icon portrait'>\n\t\t\t\t<a href='https:\/\/centralmedia.rs\/index.php\/2017\/12\/01\/povodom-1-decembra-svetskog-dana-borbe-protiv-hiv-aktivnosti-gimnazijalaca\/8-3\/'><img loading=\"lazy\" decoding=\"async\" width=\"150\" height=\"150\" src=\"https:\/\/centralmedia.rs\/wp-content\/uploads\/2017\/12\/8-150x150.jpg\" class=\"attachment-thumbnail size-thumbnail\" alt=\"\" \/><\/a>\n\t\t\t<\/div><\/figure><figure class='gallery-item'>\n\t\t\t<div class='gallery-icon portrait'>\n\t\t\t\t<a href='https:\/\/centralmedia.rs\/index.php\/2017\/12\/01\/povodom-1-decembra-svetskog-dana-borbe-protiv-hiv-aktivnosti-gimnazijalaca\/9-3\/'><img loading=\"lazy\" decoding=\"async\" width=\"150\" height=\"150\" src=\"https:\/\/centralmedia.rs\/wp-content\/uploads\/2017\/12\/9-150x150.jpg\" class=\"attachment-thumbnail size-thumbnail\" alt=\"\" \/><\/a>\n\t\t\t<\/div><\/figure>\n\t\t<\/div>\n\n","protected":false},"excerpt":{"rendered":"<p>JAGODINA-U\u010denici srednjih \u0161kola u Jagodini danas su prisustvoali predavanju o HIV infekciji povodom svetskog Dana borbe protiv te polno prenosive bolesti. Gimnazijalci su zatim delili &hellip; <\/p>\n","protected":false},"author":4,"featured_media":10643,"comment_status":"open","ping_status":"open","sticky":false,"template":"","format":"standard","meta":{"footnotes":""},"categories":[14,1524,2,1514,12],"tags":[2507,261,2506,58],"_links":{"self":[{"href":"https:\/\/centralmedia.rs\/index.php\/wp-json\/wp\/v2\/posts\/10642"}],"collection":[{"href":"https:\/\/centralmedia.rs\/index.php\/wp-json\/wp\/v2\/posts"}],"about":[{"href":"https:\/\/centralmedia.rs\/index.php\/wp-json\/wp\/v2\/types\/post"}],"author":[{"embeddable":true,"href":"https:\/\/centralmedia.rs\/index.php\/wp-json\/wp\/v2\/users\/4"}],"replies":[{"embeddable":true,"href":"https:\/\/centralmedia.rs\/index.php\/wp-json\/wp\/v2\/comments?post=10642"}],"version-history":[{"count":1,"href":"https:\/\/centralmedia.rs\/index.php\/wp-json\/wp\/v2\/posts\/10642\/revisions"}],"predecessor-version":[{"id":10653,"href":"https:\/\/centralmedia.rs\/index.php\/wp-json\/wp\/v2\/posts\/10642\/revisions\/10653"}],"wp:featuredmedia":[{"embeddable":true,"href":"https:\/\/centralmedia.rs\/index.php\/wp-json\/wp\/v2\/media\/10643"}],"wp:attachment":[{"href":"https:\/\/centralmedia.rs\/index.php\/wp-json\/wp\/v2\/media?parent=10642"}],"wp:term":[{"taxonomy":"category","embeddable":true,"href":"https:\/\/centralmedia.rs\/index.php\/wp-json\/wp\/v2\/categories?post=10642"},{"taxonomy":"post_tag","embeddable":true,"href":"https:\/\/centralmedia.rs\/index.php\/wp-json\/wp\/v2\/tags?post=10642"}],"curies":[{"name":"wp","href":"https:\/\/api.w.org\/{rel}","templated":true}]}}