{"id":10662,"date":"2017-12-02T13:37:00","date_gmt":"2017-12-02T13:37:00","guid":{"rendered":"http:\/\/centralmedia.rs\/?p=10662"},"modified":"2017-12-02T13:37:14","modified_gmt":"2017-12-02T13:37:14","slug":"dr-meho-mahmutovic-u-nekim-gradovima-ogranicene-epidemije-morbila","status":"publish","type":"post","link":"https:\/\/centralmedia.rs\/index.php\/2017\/12\/02\/dr-meho-mahmutovic-u-nekim-gradovima-ogranicene-epidemije-morbila\/","title":{"rendered":"DR MEHO MAHMUTOVI\u0106 : U NEKIM GRADOVIMA OGRANI\u010cENE EPIDEMIJE MORBILA"},"content":{"rendered":"<p>SVILAJNAC-Dr\u017eavni sekretar u Ministarstvu zdravlja dr Meho Mahmutovi\u0107 izjavio je danas u Svilajncu da zbog sve ve\u0107eg broja slu\u010dajeva oboljenja od malih boginja u Srbiji,u zavisnosti od grada do grada, regionalni Zavodi za javno zdravlje vr\u0161i\u0107e procenu i po potrebi progla\u0161ava\u0107e epidemiju.<\/p>\n<p>-Tamo gde toga ima vi\u0161e onda nisu predvi\u0111ena kolektivna okupljanja, nema posete u bolnicama, ali to je samo u nekoliko gradova i nije ni\u0161ta dramati\u010dno i ni\u0161ta stra\u0161no. Me\u0111utim, stra\u0161no je to da u 21. veku pri\u010damo o vakcinaciji, koja je najve\u0107e civilizacijsko dobro, rekao je on prilikom otvaranja rekonstruisanog Doma zdravlja u Svilajncu.<\/p>\n<p>-Misli smo da u Srbiji nema ni morbila. Ali nizak obuhvat i antivakcinalni lobi koji je jednu lo\u0161u stvar radio za na\u0161u decu, sa neodgovornim pona\u0161anjem, i danas ponovo imamo morbile kod dece. To je prava ozbiljan bolest. Za\u0161to bi na\u0161oj deci pravili da mogu da obole od te\u0161kih bolesti i zato svaki roditelj mora da bude odgovoran prema svom detetu i da ga vakcini\u0161e. Doktor sam i svoju decu sam vakcinisao, istakao je dr Mahmutovi\u0107.<\/p>\n<p>On je nagalsioo da je po\u017eeljno da vakcinacijom \u00a0bude obuhva\u0107eno 95 odsto populacije, dok je u Srbiji je u ve\u0107im centrima obuhvat bio nizak.<\/p>\n<p>-Negde 70 odsto, negde 80. Ali u ve\u0107ini gradova obuhvat je bio dobar, samo u nekim nije. Tamo gde je obuhvat bio manji pove\u0107ano je prisustvo zdravstveno-vaspitnog rada kod stanovnika i lekara, tako da \u0107e se u narednom periodu i to \u0107e se popraviti, zaklju\u010dio je on.<\/p>\n<p>&nbsp;<\/p>\n","protected":false},"excerpt":{"rendered":"<p>SVILAJNAC-Dr\u017eavni sekretar u Ministarstvu zdravlja dr Meho Mahmutovi\u0107 izjavio je danas u Svilajncu da zbog sve ve\u0107eg broja slu\u010dajeva oboljenja od malih boginja u Srbiji,u &hellip; <\/p>\n","protected":false},"author":4,"featured_media":10663,"comment_status":"open","ping_status":"open","sticky":false,"template":"","format":"standard","meta":{"footnotes":""},"categories":[28,1524,2,887,1517],"tags":[2510,2511,38],"_links":{"self":[{"href":"https:\/\/centralmedia.rs\/index.php\/wp-json\/wp\/v2\/posts\/10662"}],"collection":[{"href":"https:\/\/centralmedia.rs\/index.php\/wp-json\/wp\/v2\/posts"}],"about":[{"href":"https:\/\/centralmedia.rs\/index.php\/wp-json\/wp\/v2\/types\/post"}],"author":[{"embeddable":true,"href":"https:\/\/centralmedia.rs\/index.php\/wp-json\/wp\/v2\/users\/4"}],"replies":[{"embeddable":true,"href":"https:\/\/centralmedia.rs\/index.php\/wp-json\/wp\/v2\/comments?post=10662"}],"version-history":[{"count":2,"href":"https:\/\/centralmedia.rs\/index.php\/wp-json\/wp\/v2\/posts\/10662\/revisions"}],"predecessor-version":[{"id":10665,"href":"https:\/\/centralmedia.rs\/index.php\/wp-json\/wp\/v2\/posts\/10662\/revisions\/10665"}],"wp:featuredmedia":[{"embeddable":true,"href":"https:\/\/centralmedia.rs\/index.php\/wp-json\/wp\/v2\/media\/10663"}],"wp:attachment":[{"href":"https:\/\/centralmedia.rs\/index.php\/wp-json\/wp\/v2\/media?parent=10662"}],"wp:term":[{"taxonomy":"category","embeddable":true,"href":"https:\/\/centralmedia.rs\/index.php\/wp-json\/wp\/v2\/categories?post=10662"},{"taxonomy":"post_tag","embeddable":true,"href":"https:\/\/centralmedia.rs\/index.php\/wp-json\/wp\/v2\/tags?post=10662"}],"curies":[{"name":"wp","href":"https:\/\/api.w.org\/{rel}","templated":true}]}}