{"id":10669,"date":"2017-12-04T12:29:58","date_gmt":"2017-12-04T12:29:58","guid":{"rendered":"http:\/\/centralmedia.rs\/?p=10669"},"modified":"2017-12-04T12:29:58","modified_gmt":"2017-12-04T12:29:58","slug":"vavedenje-presvete-bogorodice-slava-hilandara","status":"publish","type":"post","link":"https:\/\/centralmedia.rs\/index.php\/2017\/12\/04\/vavedenje-presvete-bogorodice-slava-hilandara\/","title":{"rendered":"Vavedenje Presvete Bogorodice \u2013 slava Hilandara"},"content":{"rendered":"<p>Tropar praznika (glas 4.):<\/p>\n<p><strong>\u201cDanas je predobra\u017eenje blagovoljenja Bo\u017eijeg i propoved spasenja \u010dovekovog: u hram Bo\u017eiji javno se uzvodi Djeva, i Hrista svima predogla\u0161ava. Zato i mi veleglasno uskliknimo: raduj se, Ispunjenje Tvor\u010devoga Domostroja\u201c!<\/strong><\/p>\n<div id='gallery-1' class='gallery galleryid-10669 gallery-columns-5 gallery-size-thumbnail'><figure class='gallery-item'>\n\t\t\t<div class='gallery-icon landscape'>\n\t\t\t\t<a href='https:\/\/centralmedia.rs\/index.php\/2017\/12\/04\/vavedenje-presvete-bogorodice-slava-hilandara\/0039-vavedenje-2015-hilandar\/'><img loading=\"lazy\" decoding=\"async\" width=\"150\" height=\"150\" src=\"https:\/\/centralmedia.rs\/wp-content\/uploads\/2017\/12\/0039-Vavedenje-2015-Hilandar-150x150.jpg\" class=\"attachment-thumbnail size-thumbnail\" alt=\"\" \/><\/a>\n\t\t\t<\/div><\/figure><figure class='gallery-item'>\n\t\t\t<div class='gallery-icon landscape'>\n\t\t\t\t<a href='https:\/\/centralmedia.rs\/index.php\/2017\/12\/04\/vavedenje-presvete-bogorodice-slava-hilandara\/0153-vavedenje-2015-hilandar\/'><img loading=\"lazy\" decoding=\"async\" width=\"150\" height=\"150\" src=\"https:\/\/centralmedia.rs\/wp-content\/uploads\/2017\/12\/0153-Vavedenje-2015-Hilandar-150x150.jpg\" class=\"attachment-thumbnail size-thumbnail\" alt=\"\" \/><\/a>\n\t\t\t<\/div><\/figure><figure class='gallery-item'>\n\t\t\t<div class='gallery-icon landscape'>\n\t\t\t\t<a href='https:\/\/centralmedia.rs\/index.php\/2017\/12\/04\/vavedenje-presvete-bogorodice-slava-hilandara\/0468-vavedenje-2015-hilandar\/'><img loading=\"lazy\" decoding=\"async\" width=\"150\" height=\"150\" src=\"https:\/\/centralmedia.rs\/wp-content\/uploads\/2017\/12\/0468-Vavedenje-2015-Hilandar-150x150.jpg\" class=\"attachment-thumbnail size-thumbnail\" alt=\"\" \/><\/a>\n\t\t\t<\/div><\/figure><figure class='gallery-item'>\n\t\t\t<div class='gallery-icon landscape'>\n\t\t\t\t<a href='https:\/\/centralmedia.rs\/index.php\/2017\/12\/04\/vavedenje-presvete-bogorodice-slava-hilandara\/vavedenje-hilandar-14v-760x675\/'><img loading=\"lazy\" decoding=\"async\" width=\"150\" height=\"150\" src=\"https:\/\/centralmedia.rs\/wp-content\/uploads\/2017\/12\/Vavedenje-Hilandar-14v-760x675-150x150.jpg\" class=\"attachment-thumbnail size-thumbnail\" alt=\"\" \/><\/a>\n\t\t\t<\/div><\/figure><figure class='gallery-item'>\n\t\t\t<div class='gallery-icon landscape'>\n\t\t\t\t<a href='https:\/\/centralmedia.rs\/index.php\/2017\/12\/04\/vavedenje-presvete-bogorodice-slava-hilandara\/freska_hilandar_vavedenje\/'><img loading=\"lazy\" decoding=\"async\" width=\"150\" height=\"150\" src=\"https:\/\/centralmedia.rs\/wp-content\/uploads\/2017\/12\/Freska_hilandar_vavedenje-150x150.jpg\" class=\"attachment-thumbnail size-thumbnail\" alt=\"\" \/><\/a>\n\t\t\t<\/div><\/figure>\n\t\t<\/div>\n\n<p>Hilandar \u2013 Na dan praznika Vavedenja Presvete Vladi\u010dice Bogorodice, koji na\u0161a Sveta Pravoslavna Crkva proslavlja 21. novembra po julijanskom kalendaru a 4. decembra po gregorijanskom kalendaru, Sveta srpska carska lavra manastir Hilandar sve\u010dano proslavlja svoju manastirsku slavu.<\/p>\n<p>Uo\u010di manastirske slave, slu\u017ei se sveno\u0107no bdenije uz u\u010de\u0161\u0107e monaha iz drugih svetogorskih manastira i prisutnih gostiju. Sva slu\u017eba je veli\u010danstvena i u svemu carska. U manastiru se povodom slave sprema sve\u010dana trpeza i koljivo sa izobra\u017eenom ikonom Vavedenja i drugo koljivo za parastos svim ktitorima i prilo\u017enicima obitelji koji se slu\u017ei istoga dana ali uve\u010de.<\/p>\n<p>U skladu sa drevnim obi\u010dajem svake godine igumansko mesto na jedan dan preuzima iguman Svetog manastira Vatopeda. Posebne bratske veze izme\u0111u Vatopeda i Hilandara utemeljene su jo\u0161 u vreme Svetog Save i Svetog Simeona Miroto\u010divog i svake godine za vreme manastirskih slava igumani dva manastira zamenjuju mesta.<\/p>\n<p>&nbsp;<\/p>\n","protected":false},"excerpt":{"rendered":"<p>Tropar praznika (glas 4.): \u201cDanas je predobra\u017eenje blagovoljenja Bo\u017eijeg i propoved spasenja \u010dovekovog: u hram Bo\u017eiji javno se uzvodi Djeva, i Hrista svima predogla\u0161ava. Zato &hellip; <\/p>\n","protected":false},"author":4,"featured_media":10670,"comment_status":"open","ping_status":"open","sticky":false,"template":"","format":"standard","meta":{"footnotes":""},"categories":[14,2,12],"tags":[2513,150,894,2514],"_links":{"self":[{"href":"https:\/\/centralmedia.rs\/index.php\/wp-json\/wp\/v2\/posts\/10669"}],"collection":[{"href":"https:\/\/centralmedia.rs\/index.php\/wp-json\/wp\/v2\/posts"}],"about":[{"href":"https:\/\/centralmedia.rs\/index.php\/wp-json\/wp\/v2\/types\/post"}],"author":[{"embeddable":true,"href":"https:\/\/centralmedia.rs\/index.php\/wp-json\/wp\/v2\/users\/4"}],"replies":[{"embeddable":true,"href":"https:\/\/centralmedia.rs\/index.php\/wp-json\/wp\/v2\/comments?post=10669"}],"version-history":[{"count":1,"href":"https:\/\/centralmedia.rs\/index.php\/wp-json\/wp\/v2\/posts\/10669\/revisions"}],"predecessor-version":[{"id":10675,"href":"https:\/\/centralmedia.rs\/index.php\/wp-json\/wp\/v2\/posts\/10669\/revisions\/10675"}],"wp:featuredmedia":[{"embeddable":true,"href":"https:\/\/centralmedia.rs\/index.php\/wp-json\/wp\/v2\/media\/10670"}],"wp:attachment":[{"href":"https:\/\/centralmedia.rs\/index.php\/wp-json\/wp\/v2\/media?parent=10669"}],"wp:term":[{"taxonomy":"category","embeddable":true,"href":"https:\/\/centralmedia.rs\/index.php\/wp-json\/wp\/v2\/categories?post=10669"},{"taxonomy":"post_tag","embeddable":true,"href":"https:\/\/centralmedia.rs\/index.php\/wp-json\/wp\/v2\/tags?post=10669"}],"curies":[{"name":"wp","href":"https:\/\/api.w.org\/{rel}","templated":true}]}}