{"id":1072,"date":"2015-10-31T21:21:51","date_gmt":"2015-10-31T21:21:51","guid":{"rendered":"http:\/\/centralmedia.rs\/?p=1072"},"modified":"2015-11-01T11:04:50","modified_gmt":"2015-11-01T11:04:50","slug":"skandal-u-cupriji-eric-oduzima-lekarima-na-licence-za-rad","status":"publish","type":"post","link":"https:\/\/centralmedia.rs\/index.php\/2015\/10\/31\/skandal-u-cupriji-eric-oduzima-lekarima-na-licence-za-rad\/","title":{"rendered":"SKANDAL U \u0106UPRIJI: ERI\u0106 ODUZIMA LEKARIMA LICENCE ZA RAD"},"content":{"rendered":"<p>RAZRE\u0160ENI DIREKTOR ,,\u010cISTI NEPODOBNE\u201c<br \/>\n\u0106UPRIJA-Razre\u0161eni vd direktor Op\u0161te bolnice u \u0106upriji dr Marko Ili\u0107 potpisao je vi\u0161e re\u0161enja o promeni radnih mesta ,,nepodobnih\u201c lekara i sindikalnih lidera u toj bolnici, a predsednik op\u0161tine Ninoslav Eri\u0107-SNS u atorskom  tekstu na svom li\u010dnom sajtu  upozorio ,,nepodobne\u201c lekare da mogu da ostanu bez ,,licenci za rad\u201c i optu\u017eio ih za ,,name\u0161tanje zatvaranja dijalize\u201c. Svemu ovome predhodila je afera sa vi\u0161e slu\u010dajeva oboljevanja pacijenata od opasne bakterije klostridije, smrt Dragice Pavli\u010devi\u0107 (52), odluke ministra dr Zlatibora Lon\u010dara da smeni vd direktora dr Ili\u0107a,zatvaranja odeljenja Ortopedije i Dijalize, kao i javno iskazano nezadovoljstvo lekara i sindikalaca radom biv\u0161eg vd direktora i naju\u017eeg rukovodstva te bolnice, kao i njihove ,,samovolje u radu\u201c.  Situacija sa klostridijom je stavljena pod kontrolu, nalo\u017eene mere nadgleda i koordinira profesor dr Mijomir Pelimi\u0161, pa je na red do\u0161lo pitanje odgovornosti.<br \/>\nRazre\u0161eni vd direktor Ili\u0107 smenio je na\u010delnika odeljenja Ortopedije dr Milovana Ljubi\u0107a, zbog problema sa klostridijom,  i na\u010delnika Palijative dr Vladana Milo\u0161evi\u0107a, koji je preba\u010den u Slu\u017ebu anestezije, dok je na\u010delnik kardiologije dr Zoran Joksimovi\u0107 sam podneo ostavku,a sindikalni lideri Predrag Stojanovi\u0107 i Vladan Golubovi\u0107 preme\u0161teni su na druga odeljenja.<br \/>\n<figure id=\"attachment_976\" aria-describedby=\"caption-attachment-976\" style=\"width: 300px\" class=\"wp-caption alignnone\"><a href=\"https:\/\/centralmedia.rs\/wp-content\/uploads\/2015\/10\/zahtev-za-obdukciju-pokojne-dragice-cuprija-i.s..jpg\"><img loading=\"lazy\" decoding=\"async\" src=\"https:\/\/centralmedia.rs\/wp-content\/uploads\/2015\/10\/zahtev-za-obdukciju-pokojne-dragice-cuprija-i.s.-300x200.jpg\" alt=\"Zahtev za obdukciju Dragice P.\" width=\"300\" height=\"200\" class=\"size-medium wp-image-976\" srcset=\"https:\/\/centralmedia.rs\/wp-content\/uploads\/2015\/10\/zahtev-za-obdukciju-pokojne-dragice-cuprija-i.s.-300x200.jpg 300w, https:\/\/centralmedia.rs\/wp-content\/uploads\/2015\/10\/zahtev-za-obdukciju-pokojne-dragice-cuprija-i.s..jpg 708w\" sizes=\"(max-width: 300px) 100vw, 300px\" \/><\/a><figcaption id=\"caption-attachment-976\" class=\"wp-caption-text\">Zahtev za obdukciju Dragice P.<\/figcaption><\/figure><br \/>\n\t&#8211; Veliki su interesi ovde ume\u0161ani od onih kriminalnih, finansijskih do politi\u010dkih. Mi nastavljamo borbu \u010dista obraza i nastavi\u0107emo da se borimo protiv osionih, halapljivih i onih koji gledaju samo sebe i svoj d\u017eep. Ako imaju diplome doktora to ne zna\u010di da ne mogu da ostanu bez licenca za rad, navodi Eri\u0107 u svom obra\u0107anju i obja\u0161njava da je profesor dr Mijomir Pelemi\u0161, koga ministar Lon\u010dar zadu\u017eio da u toj bolnici koordinira i nadgleda nalo\u017eene mere,  primetio da se ovde vi\u0161e radi o politici nego o \u201czdravstvenoj katastrofi\u201c.<figure id=\"attachment_1057\" aria-describedby=\"caption-attachment-1057\" style=\"width: 300px\" class=\"wp-caption alignnone\"><a href=\"https:\/\/centralmedia.rs\/wp-content\/uploads\/2015\/10\/prof-dr-Mijomir-Pelemis-1-cuprija-g.j..jpg\"><img loading=\"lazy\" decoding=\"async\" src=\"https:\/\/centralmedia.rs\/wp-content\/uploads\/2015\/10\/prof-dr-Mijomir-Pelemis-1-cuprija-g.j.-300x225.jpg\" alt=\"prof dr &gt;Mijomir Pelemi\u0161\" width=\"300\" height=\"225\" class=\"size-medium wp-image-1057\" srcset=\"https:\/\/centralmedia.rs\/wp-content\/uploads\/2015\/10\/prof-dr-Mijomir-Pelemis-1-cuprija-g.j.-300x225.jpg 300w, https:\/\/centralmedia.rs\/wp-content\/uploads\/2015\/10\/prof-dr-Mijomir-Pelemis-1-cuprija-g.j.-80x60.jpg 80w, https:\/\/centralmedia.rs\/wp-content\/uploads\/2015\/10\/prof-dr-Mijomir-Pelemis-1-cuprija-g.j.-265x198.jpg 265w, https:\/\/centralmedia.rs\/wp-content\/uploads\/2015\/10\/prof-dr-Mijomir-Pelemis-1-cuprija-g.j..jpg 900w\" sizes=\"(max-width: 300px) 100vw, 300px\" \/><\/a><figcaption id=\"caption-attachment-1057\" class=\"wp-caption-text\">prof dr &gt;Mijomir Pelemi\u0161<\/figcaption><\/figure><br \/>\n-\u010cak je video da je name\u0161teno zatvaranje dijalize, gde nadle\u017eni nisu prona\u0161li bakterije ali su ipak tra\u017eili da se privremeno zatvori dijaliza. Sve ovo zbog uvo\u0111enja reda, primanja mita, straha od preme\u0161tanja na mesto gde se \u201cmanje zara\u0111uje\u201c\u2019, isti\u010de Eri\u0107.<br \/>\n<a href=\"https:\/\/centralmedia.rs\/wp-content\/uploads\/2015\/10\/bolnica-cuprija-1-cuprija-g.j..jpg\"><img loading=\"lazy\" decoding=\"async\" src=\"https:\/\/centralmedia.rs\/wp-content\/uploads\/2015\/10\/bolnica-cuprija-1-cuprija-g.j.-300x144.jpg\" alt=\"bolnica cuprija 1-cuprija-g.j.\" width=\"300\" height=\"144\" class=\"alignnone size-medium wp-image-1052\" srcset=\"https:\/\/centralmedia.rs\/wp-content\/uploads\/2015\/10\/bolnica-cuprija-1-cuprija-g.j.-300x144.jpg 300w, https:\/\/centralmedia.rs\/wp-content\/uploads\/2015\/10\/bolnica-cuprija-1-cuprija-g.j.-1024x491.jpg 1024w, https:\/\/centralmedia.rs\/wp-content\/uploads\/2015\/10\/bolnica-cuprija-1-cuprija-g.j..jpg 1200w\" sizes=\"(max-width: 300px) 100vw, 300px\" \/><\/a><br \/>\nMe\u0111utim, dr Vladan Milo\u0161evi\u0107 najavljuje da \u0107e podneti tu\u017ebe i krivi\u010dne prijave protiv dr Ili\u0107a zbog neobrazlo\u017eene promene radnog mesta i mobinga.<br \/>\n-Razre\u0161eni direktor  dr Ili\u0107 je sam sebe postavio za \u0161efa dijalize, iako nema edukaciju i nestru\u010dan je za taj posao,jer bolnica ima nefrologe. Mogu\u0107e je da su zbog toga i nastali problemi na odeljenju. Na odeljenju Palijative postavlja internistu dr Mirka Mad\u017earevi\u0107a, koji tako\u0111e nema edukaciju i mo\u017ee da ugrozi  zdravlje pacijenata. Za\u0161to sam smenjen sa funkcije na\u010delnika i postavljena nestru\u010dna osoba? Da li dr Ili\u0107 radi po svom primeru?, pita se dr Milo\u0161evi\u0107.<br \/>\n<a href=\"https:\/\/centralmedia.rs\/wp-content\/uploads\/2015\/10\/ortopedija-cuprija-g.j.1.jpg\"><img loading=\"lazy\" decoding=\"async\" src=\"https:\/\/centralmedia.rs\/wp-content\/uploads\/2015\/10\/ortopedija-cuprija-g.j.1-225x300.jpg\" alt=\"ortopedija -cuprija-g.j.\" width=\"225\" height=\"300\" class=\"alignnone size-medium wp-image-1058\" srcset=\"https:\/\/centralmedia.rs\/wp-content\/uploads\/2015\/10\/ortopedija-cuprija-g.j.1-225x300.jpg 225w, https:\/\/centralmedia.rs\/wp-content\/uploads\/2015\/10\/ortopedija-cuprija-g.j.1.jpg 675w\" sizes=\"(max-width: 225px) 100vw, 225px\" \/><\/a><br \/>\n\tMe\u0161anje lokalne samouprave u rad Op\u0161te bolnice mo\u017ee da izgleda dobronemrano, ali nije slu\u010dajno obja\u0161njavaju lekari, jer su predsednici Upravnog i nadzornog  odbora Eri\u0107evi ro\u0111eni brat Neboj\u0161a i kum Nenad \u0160\u0107epanovi\u0107. Lekari su tako\u0111e najavili da \u0107e predlo\u017eiti u ponedeljak da se Eri\u0107 imenuje za zamenika direktora za medicinska pitanja, jer se, kako ironi\u010dno komentri\u0161u, mnogo bolje kao ekonomista razume u medicinsku struku od lekara.<\/p>\n","protected":false},"excerpt":{"rendered":"<p>RAZRE\u0160ENI DIREKTOR ,,\u010cISTI NEPODOBNE\u201c \u0106UPRIJA-Razre\u0161eni vd direktor Op\u0161te bolnice u \u0106upriji dr Marko Ili\u0107 potpisao je vi\u0161e re\u0161enja o promeni radnih mesta ,,nepodobnih\u201c lekara i &hellip; <\/p>\n","protected":false},"author":4,"featured_media":1073,"comment_status":"open","ping_status":"open","sticky":false,"template":"","format":"standard","meta":{"footnotes":""},"categories":[14,2,12],"tags":[135,44,193],"_links":{"self":[{"href":"https:\/\/centralmedia.rs\/index.php\/wp-json\/wp\/v2\/posts\/1072"}],"collection":[{"href":"https:\/\/centralmedia.rs\/index.php\/wp-json\/wp\/v2\/posts"}],"about":[{"href":"https:\/\/centralmedia.rs\/index.php\/wp-json\/wp\/v2\/types\/post"}],"author":[{"embeddable":true,"href":"https:\/\/centralmedia.rs\/index.php\/wp-json\/wp\/v2\/users\/4"}],"replies":[{"embeddable":true,"href":"https:\/\/centralmedia.rs\/index.php\/wp-json\/wp\/v2\/comments?post=1072"}],"version-history":[{"count":0,"href":"https:\/\/centralmedia.rs\/index.php\/wp-json\/wp\/v2\/posts\/1072\/revisions"}],"wp:featuredmedia":[{"embeddable":true,"href":"https:\/\/centralmedia.rs\/index.php\/wp-json\/wp\/v2\/media\/1073"}],"wp:attachment":[{"href":"https:\/\/centralmedia.rs\/index.php\/wp-json\/wp\/v2\/media?parent=1072"}],"wp:term":[{"taxonomy":"category","embeddable":true,"href":"https:\/\/centralmedia.rs\/index.php\/wp-json\/wp\/v2\/categories?post=1072"},{"taxonomy":"post_tag","embeddable":true,"href":"https:\/\/centralmedia.rs\/index.php\/wp-json\/wp\/v2\/tags?post=1072"}],"curies":[{"name":"wp","href":"https:\/\/api.w.org\/{rel}","templated":true}]}}