{"id":10723,"date":"2017-12-11T06:01:11","date_gmt":"2017-12-11T06:01:11","guid":{"rendered":"http:\/\/centralmedia.rs\/?p=10723"},"modified":"2017-12-11T06:10:59","modified_gmt":"2017-12-11T06:10:59","slug":"osuda-najnovijih-pretnji-medijima-novinarima","status":"publish","type":"post","link":"https:\/\/centralmedia.rs\/index.php\/2017\/12\/11\/osuda-najnovijih-pretnji-medijima-novinarima\/","title":{"rendered":"OSUDA NAJNOVIJIH PRETNJI MEDIJIMA I NOVINARIMA"},"content":{"rendered":"<p class=\"story-lead\">Regionalna platforma za zagovaranje medijskih sloboda i bezbednosti novinara, koja zastupa vi\u0161e od 7.800 \u010dlanova, osudila je pretnje upu\u0107ene medijima i novinarima u Hrvatskoj, Srbiji i Bosni i Hercegovini i zatra\u017eila od nadle\u017enih da ih istra\u017ee i procesuiraju odgovorne.<\/p>\n<p>&#8220;Napad na novinara je direktan napad na slobodu izra\u017eavanja i pravo gra\u0111ana da budu informisani. Svaki napad na novinare je napada na javni interes, demokratiju i prava svih gra\u0111ana&#8221;, navodi se u saop\u0161tenju Platforme, koje potipisuje Sindikat medija Crne Gore, Hrvatsko novinarsko dru\u0161tvo, Udru\u017eenje novinara Kosova, udru\u017eenje novinara Makedonije, Udru\u017eenje\/udruga BiH novinari i Nezavisno udru\u017eenje novinara Srbije.<\/p>\n<p>U saop\u0161tenju su navedni primeri pretnji novinarima koji su se dogodili u Hrvatskoj, BiH i Srbiji, a iz Platforme su poru\u010dili da \u0107e poslati pisma relevantnim institucijama u te tri zemlje sa zahtevom da se spre\u010di bilo koja vrsta nasilja nad novinarima, ali i da se hitno i temeljno istra\u017ee sve \u010dinjenice o napadima.<\/p>\n<p>&#8220;Na taj na\u010din \u0107e (institucije) poslati sna\u017enu poruku javnosti da takvo pona\u0161anje nije prihvatljivo&#8221;, navodi se u saop\u0161tenju.<\/p>\n<p>Iz Platforme podse\u0107aju da su poslate brojne pretnje novinarima i medijskim stru\u010dnjacima u BiH posle teksta &#8220;Evo s kim trebamo \u017eiveti: gnusne reakcije bo\u0161nja\u010dke javnosti na smrt generala Praljka&#8221;, objavljenog na portalu Dnevnik.ba.<\/p>\n<p>Pretnje su upu\u0107ene putem Fejsbuka i e-maila Selenu Kajanu novinaru Al D\u017eazire balkans, \u0160tefici Gali\u0107 urednici portala Ta\u010dno.net, Arijani Sarajevi\u0107 Hala\u0107 urednici Federalne televizije, Lejli Tur\u010dilo profesorki Fakulteta politi\u010dkih nauka u Sarajevu.<\/p>\n<p>U Hrvatskoj su glavna meta napada bili novinari i mediji koji su u \u010dlancima o presudi \u0161estorici bosanskohercegova\u010dkih Hrvata i samoubistvu generala Slobodana Praljka u sudnici Ha\u0161kog suda isticali \u010dinjenicu da su osu\u0111eni za ratni zlo\u010din.<\/p>\n<p>Podsetili su da su posle gostovanja francuskog humanitarca Arnoa Gujona na televiziji N1, toj televiziji i novinarki Mariji Anti\u0107 upu\u0107ene pretnje smr\u0107u, u kojima se izme\u0111u ostalog navodi da &#8220;spisak postoji&#8221; i da \u0107e do\u0107i vreme kada \u0107e se &#8220;pla\u0107eni\u010dki olo\u0161 koji koji sebe naziva novinarima, suo\u010diti sa tim&#8221;.<\/p>\n<p>Iz Platforme su najavili da \u0107e prijaviti ove slu\u010dajeve nasilja Platformi za promociju za\u0161tite novinara i bezbednosti novinara.<\/p>\n","protected":false},"excerpt":{"rendered":"<p>Regionalna platforma za zagovaranje medijskih sloboda i bezbednosti novinara, koja zastupa vi\u0161e od 7.800 \u010dlanova, osudila je pretnje upu\u0107ene medijima i novinarima u Hrvatskoj, Srbiji &hellip; <\/p>\n","protected":false},"author":4,"featured_media":10724,"comment_status":"open","ping_status":"open","sticky":false,"template":"","format":"standard","meta":{"footnotes":""},"categories":[14,2,12],"tags":[137,2530,2529],"_links":{"self":[{"href":"https:\/\/centralmedia.rs\/index.php\/wp-json\/wp\/v2\/posts\/10723"}],"collection":[{"href":"https:\/\/centralmedia.rs\/index.php\/wp-json\/wp\/v2\/posts"}],"about":[{"href":"https:\/\/centralmedia.rs\/index.php\/wp-json\/wp\/v2\/types\/post"}],"author":[{"embeddable":true,"href":"https:\/\/centralmedia.rs\/index.php\/wp-json\/wp\/v2\/users\/4"}],"replies":[{"embeddable":true,"href":"https:\/\/centralmedia.rs\/index.php\/wp-json\/wp\/v2\/comments?post=10723"}],"version-history":[{"count":3,"href":"https:\/\/centralmedia.rs\/index.php\/wp-json\/wp\/v2\/posts\/10723\/revisions"}],"predecessor-version":[{"id":10727,"href":"https:\/\/centralmedia.rs\/index.php\/wp-json\/wp\/v2\/posts\/10723\/revisions\/10727"}],"wp:featuredmedia":[{"embeddable":true,"href":"https:\/\/centralmedia.rs\/index.php\/wp-json\/wp\/v2\/media\/10724"}],"wp:attachment":[{"href":"https:\/\/centralmedia.rs\/index.php\/wp-json\/wp\/v2\/media?parent=10723"}],"wp:term":[{"taxonomy":"category","embeddable":true,"href":"https:\/\/centralmedia.rs\/index.php\/wp-json\/wp\/v2\/categories?post=10723"},{"taxonomy":"post_tag","embeddable":true,"href":"https:\/\/centralmedia.rs\/index.php\/wp-json\/wp\/v2\/tags?post=10723"}],"curies":[{"name":"wp","href":"https:\/\/api.w.org\/{rel}","templated":true}]}}