{"id":10728,"date":"2017-12-11T16:01:53","date_gmt":"2017-12-11T16:01:53","guid":{"rendered":"http:\/\/centralmedia.rs\/?p=10728"},"modified":"2017-12-11T16:01:53","modified_gmt":"2017-12-11T16:01:53","slug":"u-sredu-dan-fakulteta-pedagoskih-nauka-u-jagodini","status":"publish","type":"post","link":"https:\/\/centralmedia.rs\/index.php\/2017\/12\/11\/u-sredu-dan-fakulteta-pedagoskih-nauka-u-jagodini\/","title":{"rendered":"U SREDU DAN FAKULTETA PEDAGO\u0160KIH NAUKA U JAGODINI"},"content":{"rendered":"<p>JAGODINA-Sve\u010dana akademija povodom obele\u017eavanja 24. Dana Fakulteta pedago\u0161kih nauka i 119 godina obrazovanja u\u010ditelja u Jagodini odr\u017eava se u jagodinskom Kulturnom centru u sredu 13. decembra u 12 \u010dasova. Fakultet \u0107e, pored mnogobrojnih uglednih zvanica, ugostiti i delegacije srpskih kulturnih i obrazovnih ustanova iz Budimpe\u0161te i Deske, kao i predstavnike Visoke \u0161kole \u201eJo\u017eef \u00a0Etve\u0161\u201c iz Baje u Ma\u0111arskoj, sa kojom ima vi\u0161egodi\u0161nju uspe\u0161nu saradnju i u okviru Erazmus programa.<a href=\"https:\/\/centralmedia.rs\/wp-content\/uploads\/2017\/12\/1a.jpg\"><img loading=\"lazy\" decoding=\"async\" class=\"alignright size-medium wp-image-10730\" src=\"https:\/\/centralmedia.rs\/wp-content\/uploads\/2017\/12\/1a-225x300.jpg\" alt=\"\" width=\"225\" height=\"300\" \/><\/a><\/p>\n<p>\u201ePo\u010dasna diploma narodnog u\u010ditelja\u201c za poseban doprinos razvoju obrazovanja i afirmaciju Fakulteta, ove godine je pripala prof. dr Vladeti Jeroti\u0107u, neuropsihijatru i psihoterapeutu, \u010dlanu SANU, jednom od najboljih predstavnika srpske prosvetiteljske tradicije i najistaknutijih srpskih intelektualaca dana\u0161njice.<\/p>\n<p>Svojim \u017eivotom, delom i delovanjem, \u0161irokim obrazovanjem i svestranom erudicijom, prof. Jeroti\u0107 ve\u0107 decenijama daje izuzetan doprinos srpskoj nauci, kulturi i umetnosti i potvr\u0111uje zna\u010daj stvarala\u010dkog kontinuiteta. U mnogobrojnim knjigama i esejima Vladeta Jeroti\u0107 iz teolo\u0161ke, filozofske, knji\u017eevne i savremene nau\u010dne perspektive razmatra tajnu ljudskog postojanja i pitanje o sudbini \u010doveka u kontekstu savremene civilizacije. Prof. Jeroti\u0107 istinski razume strah mladog \u010doveka od upoznavanja sebe i njegovu stalnu potrebu i potragu za smislom.<\/p>\n<p>Na Fakultetu pedago\u0161kih nauka u Jagodini odr\u017eao je predavanje na temu \u201eO pojavi nametanja i odupiranja u vaspitanju i u dru\u0161tvu\u201d, \u010dime je budu\u0107im u\u010diteljima i vaspita\u010dima ukazao na va\u017enost stalnog preispitivanja sopstvene pedago\u0161ke prakse u obrazovanju i vaspitavanju dru\u0161tveno odgovornih pojedinaca.<\/p>\n<p>Prethodnih godina je ovo priznanje dodeljeno knji\u017eevnicima Dobrici Eri\u0107u i Slobodanu Rakiti\u0107u, slikaru i dugogodi\u0161njem dekanu Fakulteta Sretku Divljanu, novinarima \u017divoradu \u017diki Nikoli\u0107u i Nenadu Risti\u0107ui piscu Milisavu Savi\u0107u.<a href=\"https:\/\/centralmedia.rs\/wp-content\/uploads\/2017\/12\/vasil1.jpg\"><img loading=\"lazy\" decoding=\"async\" class=\"alignright size-medium wp-image-10731\" src=\"https:\/\/centralmedia.rs\/wp-content\/uploads\/2017\/12\/vasil1-300x199.jpg\" alt=\"\" width=\"300\" height=\"199\" srcset=\"https:\/\/centralmedia.rs\/wp-content\/uploads\/2017\/12\/vasil1-300x199.jpg 300w, https:\/\/centralmedia.rs\/wp-content\/uploads\/2017\/12\/vasil1-768x509.jpg 768w, https:\/\/centralmedia.rs\/wp-content\/uploads\/2017\/12\/vasil1-1024x678.jpg 1024w\" sizes=\"(max-width: 300px) 100vw, 300px\" \/><\/a><\/p>\n<p>Ovogodi\u0161nju \u201ePo\u010dasnu diplomu magister humanitas\u201dza pedago\u0161ko delovanje i poseban doprinos razvoju kulture mladih, Fakultet pedago\u0161kih nauka dodeli\u0107e Vasilu Had\u017eimanovu.U vremenu traganja za autenti\u010dnim vrednostima, Fakultet nastoji da promovi\u0161e obrazovanje i talenat, a muzi\u010dko pedago\u0161ko delovanje laureata Vasila Had\u017eimanova,pijaniste sa diplomom\u00a0Berkli koled\u017ea u Bostonu, predstavlja istinski doprinos vaspitanju mladih u Srbiji.<\/p>\n<p>Priznanje je ustanovljeno 2015. godine i tada dodeljeno pesniku i romanopiscu Marku \u0160eli\u0107u Mar\u010delu, a nosilac ove diplome za 2016. godinu bio je \u201eambasador srpske trube\u201d, Dejan Petrovi\u0107.<\/p>\n<p>Svi dosada\u0161nji laureati odr\u017eali su humanitarne koncerte na Fakultetu pedago\u0161kih nauka i tako podr\u017eali akciju za obnovu stare zgrade U\u010diteljske \u0161kole, a na\u0161im sugra\u0111anima i studentima priredili izuzetne muzi\u010dke doga\u0111aje.<\/p>\n<p>U okviru sve\u010dane akademije pod nazivom \u201eUslavu hrabrosti i podviga\u201d, posve\u0107ene nekim zna\u010dajnim istorijskim i kulturnim jubilejima, bi\u0107e dodeljene nagrade najuspe\u0161nijim i diplome svr\u0161enim studentima osnovih i master akademskih studija, kao i zahvalnice zaslu\u017enim pojedincima, za saradnju i afirmaciju ove visoko\u0161kolske ustanove. Stihove i prozu govori\u0107e studenti, a nastupi\u0107e i hor studenata i profesora, orkestar i folklorni ansambl Fakulteta pedago\u0161kih nauka.<\/p>\n","protected":false},"excerpt":{"rendered":"<p>JAGODINA-Sve\u010dana akademija povodom obele\u017eavanja 24. Dana Fakulteta pedago\u0161kih nauka i 119 godina obrazovanja u\u010ditelja u Jagodini odr\u017eava se u jagodinskom Kulturnom centru u sredu 13. &hellip; <\/p>\n","protected":false},"author":4,"featured_media":10729,"comment_status":"open","ping_status":"open","sticky":false,"template":"","format":"standard","meta":{"footnotes":""},"categories":[14,1524,2,1514,12],"tags":[2531,58,2532],"_links":{"self":[{"href":"https:\/\/centralmedia.rs\/index.php\/wp-json\/wp\/v2\/posts\/10728"}],"collection":[{"href":"https:\/\/centralmedia.rs\/index.php\/wp-json\/wp\/v2\/posts"}],"about":[{"href":"https:\/\/centralmedia.rs\/index.php\/wp-json\/wp\/v2\/types\/post"}],"author":[{"embeddable":true,"href":"https:\/\/centralmedia.rs\/index.php\/wp-json\/wp\/v2\/users\/4"}],"replies":[{"embeddable":true,"href":"https:\/\/centralmedia.rs\/index.php\/wp-json\/wp\/v2\/comments?post=10728"}],"version-history":[{"count":1,"href":"https:\/\/centralmedia.rs\/index.php\/wp-json\/wp\/v2\/posts\/10728\/revisions"}],"predecessor-version":[{"id":10732,"href":"https:\/\/centralmedia.rs\/index.php\/wp-json\/wp\/v2\/posts\/10728\/revisions\/10732"}],"wp:featuredmedia":[{"embeddable":true,"href":"https:\/\/centralmedia.rs\/index.php\/wp-json\/wp\/v2\/media\/10729"}],"wp:attachment":[{"href":"https:\/\/centralmedia.rs\/index.php\/wp-json\/wp\/v2\/media?parent=10728"}],"wp:term":[{"taxonomy":"category","embeddable":true,"href":"https:\/\/centralmedia.rs\/index.php\/wp-json\/wp\/v2\/categories?post=10728"},{"taxonomy":"post_tag","embeddable":true,"href":"https:\/\/centralmedia.rs\/index.php\/wp-json\/wp\/v2\/tags?post=10728"}],"curies":[{"name":"wp","href":"https:\/\/api.w.org\/{rel}","templated":true}]}}