{"id":10739,"date":"2017-12-13T18:14:13","date_gmt":"2017-12-13T18:14:13","guid":{"rendered":"http:\/\/centralmedia.rs\/?p=10739"},"modified":"2017-12-13T18:27:15","modified_gmt":"2017-12-13T18:27:15","slug":"obelezno-119-godina-obrazovanja-ucitelja-u-jagodini-pocasne-diplome-vladeti-jeroticu-vasilu-hadzimanovu","status":"publish","type":"post","link":"https:\/\/centralmedia.rs\/index.php\/2017\/12\/13\/obelezno-119-godina-obrazovanja-ucitelja-u-jagodini-pocasne-diplome-vladeti-jeroticu-vasilu-hadzimanovu\/","title":{"rendered":"OBELE\u017dNO 119 GODINA OBRAZOVANJA U\u010cITELJA U JAGODINI &#8211; PO\u010cASNE DIPLOME VLADETI JEROTI\u0106U I VASILU HAD\u017dIMANOVU"},"content":{"rendered":"<p>JAGODINA-Sve\u010danom akademijom obele\u017een 24. Dan Fakulteta pedago\u0161kih nauka i 119 godina obrazovanja u\u010ditelja u Jagodini, tim povodom akademiku Vladeti Jeroti\u0107u uru\u010dena je Po\u010dasna diploma Narodni u\u010ditelj, dok je diplomu magister humanitas primio Vasil Had\u017eimanov.<\/p>\n<p>-Posebna po\u010dast jer sam nazvan Narodnim u\u010diteljem. Jagodinu volim zbog mog bavljenja tzv. slikarima naivcima, u blizini je i manastir Jo\u0161anica sa o\u010duvanim freskama sa kraja 14. veka. Nisam u godinama kada mogu da idem van Beograda, ali \u017eelim da imamo narodne u\u010ditelje i posle mene. Va\u017eno je da ostane tradicija, jer sve \u0161to traje u Srbiji treba hvaliti, rekao je prof dr Jeroti\u0107 u video poruci.<\/p>\n<div id='gallery-1' class='gallery galleryid-10739 gallery-columns-5 gallery-size-thumbnail'><figure class='gallery-item'>\n\t\t\t<div class='gallery-icon landscape'>\n\t\t\t\t<a href='https:\/\/centralmedia.rs\/index.php\/2017\/12\/13\/obelezno-119-godina-obrazovanja-ucitelja-u-jagodini-pocasne-diplome-vladeti-jeroticu-vasilu-hadzimanovu\/dekanka-violeta-i-vasil-1\/'><img loading=\"lazy\" decoding=\"async\" width=\"150\" height=\"150\" src=\"https:\/\/centralmedia.rs\/wp-content\/uploads\/2017\/12\/dekanka-violeta-i-vasil-1-150x150.jpg\" class=\"attachment-thumbnail size-thumbnail\" alt=\"\" \/><\/a>\n\t\t\t<\/div><\/figure><figure class='gallery-item'>\n\t\t\t<div class='gallery-icon landscape'>\n\t\t\t\t<a href='https:\/\/centralmedia.rs\/index.php\/2017\/12\/11\/u-sredu-dan-fakulteta-pedagoskih-nauka-u-jagodini\/cof\/'><img loading=\"lazy\" decoding=\"async\" width=\"150\" height=\"150\" src=\"https:\/\/centralmedia.rs\/wp-content\/uploads\/2017\/12\/2.jpg-150x150.jpg\" class=\"attachment-thumbnail size-thumbnail\" alt=\"\" \/><\/a>\n\t\t\t<\/div><\/figure><figure class='gallery-item'>\n\t\t\t<div class='gallery-icon landscape'>\n\t\t\t\t<a href='https:\/\/centralmedia.rs\/index.php\/2017\/12\/13\/obelezno-119-godina-obrazovanja-ucitelja-u-jagodini-pocasne-diplome-vladeti-jeroticu-vasilu-hadzimanovu\/dekanka-violeta-i-margit\/'><img loading=\"lazy\" decoding=\"async\" width=\"150\" height=\"150\" src=\"https:\/\/centralmedia.rs\/wp-content\/uploads\/2017\/12\/dekanka-violeta-i-margit-150x150.jpg\" class=\"attachment-thumbnail size-thumbnail\" alt=\"\" \/><\/a>\n\t\t\t<\/div><\/figure><figure class='gallery-item'>\n\t\t\t<div class='gallery-icon landscape'>\n\t\t\t\t<a href='https:\/\/centralmedia.rs\/index.php\/2017\/12\/13\/obelezno-119-godina-obrazovanja-ucitelja-u-jagodini-pocasne-diplome-vladeti-jeroticu-vasilu-hadzimanovu\/akademija-8\/'><img loading=\"lazy\" decoding=\"async\" width=\"150\" height=\"150\" src=\"https:\/\/centralmedia.rs\/wp-content\/uploads\/2017\/12\/akademija-150x150.jpg\" class=\"attachment-thumbnail size-thumbnail\" alt=\"\" \/><\/a>\n\t\t\t<\/div><\/figure><figure class='gallery-item'>\n\t\t\t<div class='gallery-icon landscape'>\n\t\t\t\t<a href='https:\/\/centralmedia.rs\/index.php\/2017\/12\/13\/obelezno-119-godina-obrazovanja-ucitelja-u-jagodini-pocasne-diplome-vladeti-jeroticu-vasilu-hadzimanovu\/fakultet-pnj\/'><img loading=\"lazy\" decoding=\"async\" width=\"150\" height=\"150\" src=\"https:\/\/centralmedia.rs\/wp-content\/uploads\/2017\/12\/fakultet-pnj-150x150.jpg\" class=\"attachment-thumbnail size-thumbnail\" alt=\"\" \/><\/a>\n\t\t\t<\/div><\/figure>\n\t\t<\/div>\n\n<p>Prethodnih godina je ovo priznanje dodeljeno knji\u017eevnicima Dobrici Eri\u0107u i Slobodanu Rakiti\u0107u, slikaru i dugogodi\u0161njem dekanu Fakulteta Sretku Divljanu, novinarima \u017divoradu \u017diki Nikoli\u0107u i Nenadu Risti\u0107u i piscu Milisavu Savi\u0107u.<\/p>\n<p>-Iznenadio sam se kada sam dobio divno priznanje, jer ne radim ovo zbog nagrada, ali svako zna\u010di i nekako uka\u017ee da si dobrom putu, nameravam da nastavim tim putem. Fakultetu \u017eelim da nastavi ovako divne tradicije i rad, koji je za svako po\u0161tovanje i pohvalu, istakao je Had\u017eimanov prilikom uru\u010divanja priznanja Magister humanitas.<\/p>\n<p>Priznanje je ustanovljeno 2015. godine i tada dodeljeno pesniku i romanopiscu Marku \u0160eli\u0107u Mar\u010delu, a nosilac ove diplome za 2016. godinu bio je \u201eambasador srpske trube\u201d, Dejan Petrovi\u0107.\u00a0Svi dosada\u0161nji laureati odr\u017eali su humanitarne koncerte na Fakultetu pedago\u0161kih nauka i tako podr\u017eali akciju za obnovu stare zgrade U\u010diteljske \u0161kole.<\/p>\n<p>-Doprinosi i dometi ovog fakulteta prosto fasciniraju, a sve to zahvaljuju\u0107i dekanu, profesorima i studentima. \u010cestitam na izuzetnim dostignu\u0107ima. Ne mo\u017ee lako da se nabroje svi uspesi, treba mnogo vremena da se to uradi, rekao je prorektor Univerziteta u Kragujevcu prof dr \u017divoslav Jerini\u0107.<\/p>\n<p>-Na Fakultetu pedago\u0161kih nauka u Jagodini u ovom trenutku studira preko 1.800 studenata. Fakultet svoj razvojni put temelji, pre svega, na nau\u010dnoj i stru\u010dnoj saradnji sa presti\u017enim nacionalnim, evropskim i\u00a0 svetskim univerzitetima. Kvalitet rada se zasniva na brizi o kvalitetu nastavnog kadra, inoviranju studijskih programa, kao i kapacitetu za izvo\u0111enje nastave i razvijanju potencijala studenata, kazala je dekanka prof dr Violeta Jovanovi\u0107.<\/p>\n<p>Zahvalnica i poklon fakulteta uru\u010deni su prof dr Margit Savovi\u0107, koja je odskora u penziji.<\/p>\n<p>-Se\u0107am se 2006. godine u jednom od najte\u017eih trenutaka moje karijere, kada sam mislila da se ceo sru\u0161io, stigao je telefonski poziv iz Jagodine ,,do\u0111i da radi\u0161 kod nas&#8221;. Moja egzistencija je spasena, hvala vam, kratko je kazala Margit Savovi\u0107.<\/p>\n<p>-Ovaj fakultet je institucija kojom se Jagodina ponosi. Nastavljate epohalno delo \u0161irenja i preno\u0161enja znanja koje su zapo\u010deli prosvetitelji Sveti Sava, Dositelj i utemeljitelj ove ustanove Sreten Ad\u017ei\u0107, istakao je gradona\u010delnik Ratko Stevanovi\u0107.<\/p>\n<p>Nagrade, zahvalnice i pohvale dodeljene su profesorima, arhitekti, studentima i medijima. Obele\u017eanju dana fakulteta prisustvovali su predsatvnici srpskih kulturnih i obrazovnih ustanova iz Budimpe\u0161te i Deske, Visoke \u0161kole \u201eJo\u017eef Etve\u0161\u201c iz Baje, kao i diplomate ambasade SAD u Beogradu. Stihove i prozu govorili su studenti, nastupio je hor studenata i profesora, orkestar i folklorni ansambl fakulteta.<\/p>\n<p>&nbsp;<\/p>\n","protected":false},"excerpt":{"rendered":"<p>JAGODINA-Sve\u010danom akademijom obele\u017een 24. Dan Fakulteta pedago\u0161kih nauka i 119 godina obrazovanja u\u010ditelja u Jagodini, tim povodom akademiku Vladeti Jeroti\u0107u uru\u010dena je Po\u010dasna diploma Narodni &hellip; <\/p>\n","protected":false},"author":4,"featured_media":10740,"comment_status":"open","ping_status":"open","sticky":false,"template":"","format":"standard","meta":{"footnotes":""},"categories":[14,1524,2,1514,12],"tags":[1504,2534,2290,2522],"_links":{"self":[{"href":"https:\/\/centralmedia.rs\/index.php\/wp-json\/wp\/v2\/posts\/10739"}],"collection":[{"href":"https:\/\/centralmedia.rs\/index.php\/wp-json\/wp\/v2\/posts"}],"about":[{"href":"https:\/\/centralmedia.rs\/index.php\/wp-json\/wp\/v2\/types\/post"}],"author":[{"embeddable":true,"href":"https:\/\/centralmedia.rs\/index.php\/wp-json\/wp\/v2\/users\/4"}],"replies":[{"embeddable":true,"href":"https:\/\/centralmedia.rs\/index.php\/wp-json\/wp\/v2\/comments?post=10739"}],"version-history":[{"count":3,"href":"https:\/\/centralmedia.rs\/index.php\/wp-json\/wp\/v2\/posts\/10739\/revisions"}],"predecessor-version":[{"id":10747,"href":"https:\/\/centralmedia.rs\/index.php\/wp-json\/wp\/v2\/posts\/10739\/revisions\/10747"}],"wp:featuredmedia":[{"embeddable":true,"href":"https:\/\/centralmedia.rs\/index.php\/wp-json\/wp\/v2\/media\/10740"}],"wp:attachment":[{"href":"https:\/\/centralmedia.rs\/index.php\/wp-json\/wp\/v2\/media?parent=10739"}],"wp:term":[{"taxonomy":"category","embeddable":true,"href":"https:\/\/centralmedia.rs\/index.php\/wp-json\/wp\/v2\/categories?post=10739"},{"taxonomy":"post_tag","embeddable":true,"href":"https:\/\/centralmedia.rs\/index.php\/wp-json\/wp\/v2\/tags?post=10739"}],"curies":[{"name":"wp","href":"https:\/\/api.w.org\/{rel}","templated":true}]}}