{"id":1076,"date":"2015-11-01T13:36:01","date_gmt":"2015-11-01T13:36:01","guid":{"rendered":"http:\/\/centralmedia.rs\/?p=1076"},"modified":"2015-11-01T13:52:25","modified_gmt":"2015-11-01T13:52:25","slug":"skolarci-igraju-u-brodvejskom-mjuziklu","status":"publish","type":"post","link":"https:\/\/centralmedia.rs\/index.php\/2015\/11\/01\/skolarci-igraju-u-brodvejskom-mjuziklu\/","title":{"rendered":"\u0160KOLARCI IGRAJU BRODVEJSKI MJUZIKL"},"content":{"rendered":"<p>KRALJ LAVOVA<br \/>\nJAGODINA-U\u010denici O\u0160 Milan Mijalkovi\u0107 iz Jagodine izveli su jedno i po satni mjuzikli ,,Kralj lavova\u201c u turisti\u010dkom centru u tom gradu. U mjuziklu u\u010destvuje 110. dece, koji pevaju igraju po originalnim muzi\u010dkim matricama D\u017eona Lenona.<br \/>\n<a href=\"https:\/\/centralmedia.rs\/wp-content\/uploads\/2015\/11\/mjuzikl-2-jagodina-v.c..jpg\"><img loading=\"lazy\" decoding=\"async\" src=\"https:\/\/centralmedia.rs\/wp-content\/uploads\/2015\/11\/mjuzikl-2-jagodina-v.c.-300x225.jpg\" alt=\"mjuzikl 2-jagodina-v.c.\" width=\"300\" height=\"225\" class=\"alignnone size-medium wp-image-1078\" srcset=\"https:\/\/centralmedia.rs\/wp-content\/uploads\/2015\/11\/mjuzikl-2-jagodina-v.c.-300x225.jpg 300w, https:\/\/centralmedia.rs\/wp-content\/uploads\/2015\/11\/mjuzikl-2-jagodina-v.c.-80x60.jpg 80w, https:\/\/centralmedia.rs\/wp-content\/uploads\/2015\/11\/mjuzikl-2-jagodina-v.c.-265x198.jpg 265w, https:\/\/centralmedia.rs\/wp-content\/uploads\/2015\/11\/mjuzikl-2-jagodina-v.c..jpg 900w\" sizes=\"(max-width: 300px) 100vw, 300px\" \/><\/a><br \/>\n&#8211; Re\u010d je o u\u010denicima od drugog do osmog razreda koji su veoma talentovani, ali prvenstveno u\u017eivaju u mjuziklu. Sami smo radili adaptaciju Brodvejskog mjuzikla, sami izradili kostime i scenografiju. Deca vole da nastupaju, pevaju i igraju, ka\u017ee u\u010diteljica Sla\u0111ana A\u0107imovi\u0107.<br \/>\nNekoliko stotina turista i Jagodinaca pratilo je ovu predstavu jagodinskih mali\u0161ana. Pored Jagodina, oni su nastupali u kragujeva\u010dkom pozori\u0161tu Joakim Vuji\u0107 u oragnizaciji Kulturno prosvetne zajednice Srbija.  <\/p>\n","protected":false},"excerpt":{"rendered":"<p>KRALJ LAVOVA JAGODINA-U\u010denici O\u0160 Milan Mijalkovi\u0107 iz Jagodine izveli su jedno i po satni mjuzikli ,,Kralj lavova\u201c u turisti\u010dkom centru u tom gradu. U mjuziklu &hellip; <\/p>\n","protected":false},"author":4,"featured_media":1077,"comment_status":"open","ping_status":"open","sticky":false,"template":"","format":"standard","meta":{"footnotes":""},"categories":[2,23,30],"tags":[195,194,196],"_links":{"self":[{"href":"https:\/\/centralmedia.rs\/index.php\/wp-json\/wp\/v2\/posts\/1076"}],"collection":[{"href":"https:\/\/centralmedia.rs\/index.php\/wp-json\/wp\/v2\/posts"}],"about":[{"href":"https:\/\/centralmedia.rs\/index.php\/wp-json\/wp\/v2\/types\/post"}],"author":[{"embeddable":true,"href":"https:\/\/centralmedia.rs\/index.php\/wp-json\/wp\/v2\/users\/4"}],"replies":[{"embeddable":true,"href":"https:\/\/centralmedia.rs\/index.php\/wp-json\/wp\/v2\/comments?post=1076"}],"version-history":[{"count":0,"href":"https:\/\/centralmedia.rs\/index.php\/wp-json\/wp\/v2\/posts\/1076\/revisions"}],"wp:featuredmedia":[{"embeddable":true,"href":"https:\/\/centralmedia.rs\/index.php\/wp-json\/wp\/v2\/media\/1077"}],"wp:attachment":[{"href":"https:\/\/centralmedia.rs\/index.php\/wp-json\/wp\/v2\/media?parent=1076"}],"wp:term":[{"taxonomy":"category","embeddable":true,"href":"https:\/\/centralmedia.rs\/index.php\/wp-json\/wp\/v2\/categories?post=1076"},{"taxonomy":"post_tag","embeddable":true,"href":"https:\/\/centralmedia.rs\/index.php\/wp-json\/wp\/v2\/tags?post=1076"}],"curies":[{"name":"wp","href":"https:\/\/api.w.org\/{rel}","templated":true}]}}