{"id":10783,"date":"2017-12-23T10:00:21","date_gmt":"2017-12-23T10:00:21","guid":{"rendered":"http:\/\/centralmedia.rs\/?p=10783"},"modified":"2017-12-23T10:01:50","modified_gmt":"2017-12-23T10:01:50","slug":"najuspesnija-godina-u-poslednoj-deceniji-milijardu-dinara-investicija-svilajncu","status":"publish","type":"post","link":"https:\/\/centralmedia.rs\/index.php\/2017\/12\/23\/najuspesnija-godina-u-poslednoj-deceniji-milijardu-dinara-investicija-svilajncu\/","title":{"rendered":"NAJUSPE\u0160NIJA GODINA U POSLEDNJOJ DECENIJI &#8211; MILIJARDU DINARA INVESTICIJA SVILAJNCU"},"content":{"rendered":"<p>SVILAJNAC-Predsednik op\u0161tine Svilajnac Predrag Milanovi\u0107 izjavio je da je 2017. godina najuspe\u0161nija u proteklih deset godina, jer su investicije u infrastrukturu iznosile preko milijardu dinara.<\/p>\n<p>-Po\u010deli smo velike i kapitalne projekte da zavr\u0161avamo, a najzna\u010dajnija investicije su regulacija Resave, koja je po\u010dela ove godine, rekonstruisani su Dom zdravlja i sve ambulante \u00a0u selima, gradski bazeni, izgra\u0111ena je nova vodovodna mre\u017ea, dosta toga je ura\u0111eno na celoj teritoriji op\u0161tine, rekao je na tradicionlanom prijemu privrednika Milanovi\u0107.<\/p>\n<p>Pre dva meseca prodati su proizvodni pogoni POR-a, koji nisu bili u funkciji.<\/p>\n<p>-O\u010dekujemo otvaranje novih radnih mesta, odnosno po\u010detkom godine otvara se nova fabrika koja \u0107e uposliti 200 radnika, ali o\u010dekujemo i druge investiticije u privredi. Re\u010d je vi\u0161e miliona evra direktnih investicija u privredu, i kada se tome pridoda milijarda dinara u infrastrukturu, daje nam mogu\u0107nost da \u00a0budemo jedna od najrazvijenih lokalnih samouprava u Srbiji, istakao je Milanovi\u0107.<\/p>\n<p>U 2018. godini pokre\u0107e se novi ciklus ure\u0111enja \u0161kolskih objekata.<\/p>\n<p>-Re\u010d je o projektu da sve \u0161kole izgledaju kao zdravstvene ustanove. Prema projektu do 2022. godine Svilajnac \u0107e imati, a to je ono \u0161to je do nas, komunalnu infrastrukturu, javne objekte, \u0161kolske i zdravstvne ustanove na nivou Evropske unije, odnosno tako \u0107e izgledati i funkcionisati, najavio je Milanovi\u0107.<\/p>\n<p>Svilajnac je, ina\u010de, op\u0161tina koja procentualno\u00a0 dobija najvi\u0161e dr\u017eavnih i me\u0111unarodih sredstava za realizaciju projekata.<\/p>\n<p>-Mi smo prvi i spremili smo dovoljno dobre dokumentacije, to je na\u0161 jedini adut kada ragovaramo sa Vladom Srbije i Evropskom unijom, jer se dosta projekata finansira iz tih izvora. Nemam druge adute sem dobre administracije i projektne dokumentacije, zaklju\u010dio je Milanovi\u0107<\/p>\n","protected":false},"excerpt":{"rendered":"<p>SVILAJNAC-Predsednik op\u0161tine Svilajnac Predrag Milanovi\u0107 izjavio je da je 2017. godina najuspe\u0161nija u proteklih deset godina, jer su investicije u infrastrukturu iznosile preko milijardu dinara. &hellip; <\/p>\n","protected":false},"author":4,"featured_media":10784,"comment_status":"open","ping_status":"open","sticky":false,"template":"","format":"standard","meta":{"footnotes":""},"categories":[1524,2,13,887,12,1517],"tags":[2548,563],"_links":{"self":[{"href":"https:\/\/centralmedia.rs\/index.php\/wp-json\/wp\/v2\/posts\/10783"}],"collection":[{"href":"https:\/\/centralmedia.rs\/index.php\/wp-json\/wp\/v2\/posts"}],"about":[{"href":"https:\/\/centralmedia.rs\/index.php\/wp-json\/wp\/v2\/types\/post"}],"author":[{"embeddable":true,"href":"https:\/\/centralmedia.rs\/index.php\/wp-json\/wp\/v2\/users\/4"}],"replies":[{"embeddable":true,"href":"https:\/\/centralmedia.rs\/index.php\/wp-json\/wp\/v2\/comments?post=10783"}],"version-history":[{"count":2,"href":"https:\/\/centralmedia.rs\/index.php\/wp-json\/wp\/v2\/posts\/10783\/revisions"}],"predecessor-version":[{"id":10787,"href":"https:\/\/centralmedia.rs\/index.php\/wp-json\/wp\/v2\/posts\/10783\/revisions\/10787"}],"wp:featuredmedia":[{"embeddable":true,"href":"https:\/\/centralmedia.rs\/index.php\/wp-json\/wp\/v2\/media\/10784"}],"wp:attachment":[{"href":"https:\/\/centralmedia.rs\/index.php\/wp-json\/wp\/v2\/media?parent=10783"}],"wp:term":[{"taxonomy":"category","embeddable":true,"href":"https:\/\/centralmedia.rs\/index.php\/wp-json\/wp\/v2\/categories?post=10783"},{"taxonomy":"post_tag","embeddable":true,"href":"https:\/\/centralmedia.rs\/index.php\/wp-json\/wp\/v2\/tags?post=10783"}],"curies":[{"name":"wp","href":"https:\/\/api.w.org\/{rel}","templated":true}]}}