{"id":10788,"date":"2017-12-25T11:58:59","date_gmt":"2017-12-25T11:58:59","guid":{"rendered":"http:\/\/centralmedia.rs\/?p=10788"},"modified":"2017-12-25T12:05:26","modified_gmt":"2017-12-25T12:05:26","slug":"bozic-po-gregorijanskom-kalendaru-u-zupi-jagodinskoj","status":"publish","type":"post","link":"https:\/\/centralmedia.rs\/index.php\/2017\/12\/25\/bozic-po-gregorijanskom-kalendaru-u-zupi-jagodinskoj\/","title":{"rendered":"BO\u017dI\u0106 PO GREGORIJANSKOM KALENDARU U \u017dUPI JAGODINSKOJ"},"content":{"rendered":"<p>JAGODINA-Bo\u017ei\u0107 po Gregorijanskom kalendaru obele\u017een je svetom misom u \u017dupi Svetog Leopolda Mandi\u0107a u Jagodini.<a href=\"https:\/\/centralmedia.rs\/wp-content\/uploads\/2017\/12\/katolicki-bozic.jpg\"><img loading=\"lazy\" decoding=\"async\" class=\"alignright size-medium wp-image-10790\" src=\"https:\/\/centralmedia.rs\/wp-content\/uploads\/2017\/12\/katolicki-bozic-300x225.jpg\" alt=\"\" width=\"300\" height=\"225\" srcset=\"https:\/\/centralmedia.rs\/wp-content\/uploads\/2017\/12\/katolicki-bozic-300x225.jpg 300w, https:\/\/centralmedia.rs\/wp-content\/uploads\/2017\/12\/katolicki-bozic-768x576.jpg 768w, https:\/\/centralmedia.rs\/wp-content\/uploads\/2017\/12\/katolicki-bozic-80x60.jpg 80w, https:\/\/centralmedia.rs\/wp-content\/uploads\/2017\/12\/katolicki-bozic-265x198.jpg 265w, https:\/\/centralmedia.rs\/wp-content\/uploads\/2017\/12\/katolicki-bozic.jpg 960w\" sizes=\"(max-width: 300px) 100vw, 300px\" \/><\/a><\/p>\n<p>-Na\u0161a kapelica no\u0107as je bila premala da primi lijepi broj vjernika. Ali su srca bila velika i ispunjena sre\u0107om, mirom i blagoslovom. Hvala svim vjernicima i \u017eupljanima, ali i dragim nam gostima iz drugih \u017eupa. Velika mi je radost, milost i blagoslov da sam mogao no\u0107as do\u017eivjeti kako je mno\u0161tvo pohitalo vidjeti maloga novoro\u0111enoga Kralja Isusa Krista. Neka je svima sretan i blagoslovljen dana\u0161nji blagdan Bo\u017ei\u0107a &#8211; ro\u0111endan Gospodina na\u0161ega Isusa Krista. Svima Vama i Va\u0161im obiteljima \u017eelim Mir i Bo\u017eji blagoslov. Mir Bo\u017eji, Isus se rodi!, poru\u010dio je vele\u010dasni Ivan Poleto sve\u0107enik Beogradske nadbiskupije, \u017eupnik \u017eupa sv. Leopolda Mandi\u0107a u Jagodini i sv. Barbare u Ravnoj Reci.<\/p>\n","protected":false},"excerpt":{"rendered":"<p>JAGODINA-Bo\u017ei\u0107 po Gregorijanskom kalendaru obele\u017een je svetom misom u \u017dupi Svetog Leopolda Mandi\u0107a u Jagodini. -Na\u0161a kapelica no\u0107as je bila premala da primi lijepi broj &hellip; <\/p>\n","protected":false},"author":4,"featured_media":10789,"comment_status":"open","ping_status":"open","sticky":false,"template":"","format":"standard","meta":{"footnotes":""},"categories":[14,1524,2,1514,12],"tags":[2549,2550,58],"_links":{"self":[{"href":"https:\/\/centralmedia.rs\/index.php\/wp-json\/wp\/v2\/posts\/10788"}],"collection":[{"href":"https:\/\/centralmedia.rs\/index.php\/wp-json\/wp\/v2\/posts"}],"about":[{"href":"https:\/\/centralmedia.rs\/index.php\/wp-json\/wp\/v2\/types\/post"}],"author":[{"embeddable":true,"href":"https:\/\/centralmedia.rs\/index.php\/wp-json\/wp\/v2\/users\/4"}],"replies":[{"embeddable":true,"href":"https:\/\/centralmedia.rs\/index.php\/wp-json\/wp\/v2\/comments?post=10788"}],"version-history":[{"count":2,"href":"https:\/\/centralmedia.rs\/index.php\/wp-json\/wp\/v2\/posts\/10788\/revisions"}],"predecessor-version":[{"id":10795,"href":"https:\/\/centralmedia.rs\/index.php\/wp-json\/wp\/v2\/posts\/10788\/revisions\/10795"}],"wp:featuredmedia":[{"embeddable":true,"href":"https:\/\/centralmedia.rs\/index.php\/wp-json\/wp\/v2\/media\/10789"}],"wp:attachment":[{"href":"https:\/\/centralmedia.rs\/index.php\/wp-json\/wp\/v2\/media?parent=10788"}],"wp:term":[{"taxonomy":"category","embeddable":true,"href":"https:\/\/centralmedia.rs\/index.php\/wp-json\/wp\/v2\/categories?post=10788"},{"taxonomy":"post_tag","embeddable":true,"href":"https:\/\/centralmedia.rs\/index.php\/wp-json\/wp\/v2\/tags?post=10788"}],"curies":[{"name":"wp","href":"https:\/\/api.w.org\/{rel}","templated":true}]}}