{"id":10810,"date":"2017-12-27T21:41:48","date_gmt":"2017-12-27T21:41:48","guid":{"rendered":"http:\/\/centralmedia.rs\/?p=10810"},"modified":"2017-12-27T21:41:48","modified_gmt":"2017-12-27T21:41:48","slug":"ministar-ruzic-u-svilajncu-budzet-veci-32-puta","status":"publish","type":"post","link":"https:\/\/centralmedia.rs\/index.php\/2017\/12\/27\/ministar-ruzic-u-svilajncu-budzet-veci-32-puta\/","title":{"rendered":"MINISTAR RU\u017dI\u0106 U SVILAJNCU &#8211; BUD\u017dET VE\u0106I 32 PUTA"},"content":{"rendered":"<p>SVILAJNAC-Ministar za dr\u017eavnu upravu i lokalnu samoupravu Branko Ru\u017ei\u0107 prilikom posete Pomoravskom okrugu izjavio je danas u Svilajncu da je bud\u017eet Fonda za razvoj lokalne samouprave pove\u0107an sa 10 na 320 miliona dinara u 2018. godini.<\/p>\n<p>-Otvara se mogu\u0107nost da ministarstvo u\u010destvuje u realizaciji va\u017enih projekata za lokalne samouprave. U planu je da uradimo tri do pet pilota projekata jedinstvenog upravnog mesta, gde bi gra\u0111anima pokazali pozitivnu praksu drugih dr\u017eava. Prakti\u010dno gra\u0111anin bi na jednom mestu mogao da dobije najve\u0107i broj servisa. \u00a0Smatram da dana\u0161nja poseta Pomoravskom okrugu ima za cilj da da odre\u0111ene pomake na polju realizacije projekata za koje \u0107e op\u0161tine aplicirati, rekao je Ru\u017ei\u0107 i dodao da Svilajnac ima Prirodnja\u010dki centar Srbije koji prevazilazi nacionalne i regionalne okvire.<\/p>\n<p>-Mislim da je najmoderniji i najbolje opremljena ustanova ove vrste u svetu. To je veliki potencijal za obrazovanje u\u010denika osnovnih \u0161kola. Va\u017eno je da je centar finansijski odr\u017eiv, da je potrebno razre\u0161iti do kraja status i staviti ga u potpunu funkciju prosvete \u0161to je interes cele zajednice. Obaveza svih u vladi je da se to potencira, zaklju\u010dio je on.<\/p>\n<p>Ru\u017ei\u0107 je sa predstavnicima op\u0161tine Svilajnac obi\u0161ao izlo\u017ebe i eksponate na nekoliko hektara.<\/p>\n<p>-Imali smo dobar, konstruktivan razgovor i mislim da \u0107e 2018. godina da bude jo\u0161 bolja u saradnji sa Minisarstvom za dr\u017eavnu upravu i lokalnu samoupravu. Predstavili smo na\u0161 rad i tra\u017eili pomo\u0107 za odre\u0111ene stvari, mislim da smo se dobro razumeli. O\u010dekujem da od Vlade Srbije imamo i u slede\u0107oj godini podr\u0161ku kao i u 2017. godini, jer je ova godina bila jako uspe\u0161na za Svilajnac, rekao je predsednik op\u0161tine Svilajnac Predrag Milanovi\u0107.<\/p>\n","protected":false},"excerpt":{"rendered":"<p>SVILAJNAC-Ministar za dr\u017eavnu upravu i lokalnu samoupravu Branko Ru\u017ei\u0107 prilikom posete Pomoravskom okrugu izjavio je danas u Svilajncu da je bud\u017eet Fonda za razvoj lokalne &hellip; <\/p>\n","protected":false},"author":4,"featured_media":10811,"comment_status":"open","ping_status":"open","sticky":false,"template":"","format":"standard","meta":{"footnotes":""},"categories":[1524,2,887,1517],"tags":[288,2556,38],"_links":{"self":[{"href":"https:\/\/centralmedia.rs\/index.php\/wp-json\/wp\/v2\/posts\/10810"}],"collection":[{"href":"https:\/\/centralmedia.rs\/index.php\/wp-json\/wp\/v2\/posts"}],"about":[{"href":"https:\/\/centralmedia.rs\/index.php\/wp-json\/wp\/v2\/types\/post"}],"author":[{"embeddable":true,"href":"https:\/\/centralmedia.rs\/index.php\/wp-json\/wp\/v2\/users\/4"}],"replies":[{"embeddable":true,"href":"https:\/\/centralmedia.rs\/index.php\/wp-json\/wp\/v2\/comments?post=10810"}],"version-history":[{"count":1,"href":"https:\/\/centralmedia.rs\/index.php\/wp-json\/wp\/v2\/posts\/10810\/revisions"}],"predecessor-version":[{"id":10812,"href":"https:\/\/centralmedia.rs\/index.php\/wp-json\/wp\/v2\/posts\/10810\/revisions\/10812"}],"wp:featuredmedia":[{"embeddable":true,"href":"https:\/\/centralmedia.rs\/index.php\/wp-json\/wp\/v2\/media\/10811"}],"wp:attachment":[{"href":"https:\/\/centralmedia.rs\/index.php\/wp-json\/wp\/v2\/media?parent=10810"}],"wp:term":[{"taxonomy":"category","embeddable":true,"href":"https:\/\/centralmedia.rs\/index.php\/wp-json\/wp\/v2\/categories?post=10810"},{"taxonomy":"post_tag","embeddable":true,"href":"https:\/\/centralmedia.rs\/index.php\/wp-json\/wp\/v2\/tags?post=10810"}],"curies":[{"name":"wp","href":"https:\/\/api.w.org\/{rel}","templated":true}]}}