{"id":10843,"date":"2017-12-29T21:00:03","date_gmt":"2017-12-29T21:00:03","guid":{"rendered":"http:\/\/centralmedia.rs\/?p=10843"},"modified":"2017-12-29T21:00:03","modified_gmt":"2017-12-29T21:00:03","slug":"sasa-paunovic-predsednik-opstine-paracin-realizacija-projekata-vrednih-17-miliona-evra","status":"publish","type":"post","link":"https:\/\/centralmedia.rs\/index.php\/2017\/12\/29\/sasa-paunovic-predsednik-opstine-paracin-realizacija-projekata-vrednih-17-miliona-evra\/","title":{"rendered":"SA\u0160A PAUNOVI\u0106 PREDSEDNIK OP\u0160TINE PARA\u0106IN &#8211; REALIZACIJA PROJEKATA VREDNIH 17 MILIONA EVRA"},"content":{"rendered":"<p>PARA\u0106IN-Predsednik op\u0161tine Para\u0107in Sa\u0161a Paunovi\u0107 najavio za 2018. godinu realizaciju projekata vrednih 17 miliona evra.<\/p>\n<p>-Ove godine ve\u0107 potpisali sporazume o realizaciji projekata vrednih preko 10 miliona evra, iz me\u0111unarodnih i dr\u017eavnih izvora. Zapo\u010det je projekat regulacije Crnice i izgradnje novog sistema odbrane od poplava. Potpisani su sporazumi o finansiranju uklanjanja postoje\u0107ih i izgradnje novih mostova na reci. Potpisani su sporazumi o rekonstrukciji pet objekata osnovnih \u0161kola iz sredstava \u0161vajcarske vlade. U toku su radovi na rekonstrukciji gradske apoteke dr\u017eavnim sredstvima. Gradi se jo\u0161 jedna zgrada za izbegle u Dankovu, a kupljeno je i 8 seoskih doma\u0107instava za stambeno zbrinjavanje izbeglih, rekao je Paunovi\u0107.<\/p>\n<p>Najva\u017eniji za gra\u0111ane je projekat unapre\u0111enja vodosnabdevanja od 3.4 miliona evra na \u010dijoj realizaciji se radi skoro pet godina i koji je ratifikovan i u Narodnoj skup\u0161tini krajem 2017. godine, a kojim se planira zamena ve\u0107eg dela glavnog cevovoda i obezbe\u0111ivanje dodatnih koli\u010dina vode izgradnjom novih bunara.<\/p>\n<p>-U septembru ove godine zaklju\u010dkom Vlade odobreni su i dodatni projekti \u010dija \u0107e se vrednost znati posle izrade projektne dokumentacije. Re\u010d je o rekonstrukciji dve osnovne \u0161kole, centra za socijalni rad, a svakako najve\u0107i je potpuna rekonstrukcija svih objekata zdravstvenih ustanova u Para\u0107inu povr\u0161ine od oko 10 hiljada kvadrata za koje \u0107e op\u0161tina, po zaklju\u010dku Vlade i dogovoru sa Kancelarijom za javna ulaganja,\u00a0 izra\u0111ivati projektnu dokumentaciju a dr\u017eava finansirati radove. Samo poslednji navedeni projekat predvi\u0111a dr\u017eavnu investiciju od nekoliko miliona, mougu\u0107e i \u010ditavih 5 miliona evra, najavljuje Paunovi\u0107.<\/p>\n<figure id=\"attachment_10845\" aria-describedby=\"caption-attachment-10845\" style=\"width: 300px\" class=\"wp-caption alignright\"><a href=\"https:\/\/centralmedia.rs\/wp-content\/uploads\/2017\/12\/sasa-paunovic.jpg\"><img loading=\"lazy\" decoding=\"async\" class=\"size-medium wp-image-10845\" src=\"https:\/\/centralmedia.rs\/wp-content\/uploads\/2017\/12\/sasa-paunovic-300x188.jpg\" alt=\"\" width=\"300\" height=\"188\" srcset=\"https:\/\/centralmedia.rs\/wp-content\/uploads\/2017\/12\/sasa-paunovic-300x188.jpg 300w, https:\/\/centralmedia.rs\/wp-content\/uploads\/2017\/12\/sasa-paunovic-768x481.jpg 768w, https:\/\/centralmedia.rs\/wp-content\/uploads\/2017\/12\/sasa-paunovic.jpg 900w\" sizes=\"(max-width: 300px) 100vw, 300px\" \/><\/a><figcaption id=\"caption-attachment-10845\" class=\"wp-caption-text\">Sa\u0161a Paunovi\u0107<\/figcaption><\/figure>\n<p>Svi navedeni projekti \u010dija je realizacija u toku ili koji su u drugoj polovini godine odobreni od strane Vlade Srbije\u00a0 procenjuju se na 17 miliona evra.<\/p>\n<p>-A to nije sve. U saradnji sa dr\u017eavnim slu\u017ebama pripremili smo projektnu dokumentaciju za jo\u0161 nekoliko velikih projekata \u010dija \u0107e realizacija tek biti predmet ocenjivanja i odobravanja pa ukoliko i oni budu odbreni mo\u017eemo ra\u010dunati na jo\u0161 nekoliko miliona evra infrastrukturnih radova iz dr\u017eavnih i me\u0111unarodnih izvora. Na samom kraju bud\u017eetske godine dobili smo i dodatnih 35 miliona dinara iz teku\u0107e rezerve republi\u010dkog bud\u017eeta, \u0161to je omogu\u0107ilo da 2017.god. privedemo kraju iznad svih o\u010dekivanja. To je korektan potez Vlade Srbije kojim se dodatno dokazuje dobra saradnja na\u0161e op\u0161tine sa dr\u017eavnim institucijama, ka\u017ee on.<\/p>\n<p>Op\u0161tina Para\u0107in sprovela je obimno istra\u017eivanje koje je ukazalo na to koji bi to pravci ekonomske politike ubrzali ekonomski oporavak Srbije, odnosno da su mala i srednja preduze\u0107a nosioci razvoja i zapo\u0161ljavanja.<\/p>\n<p>-Istra\u017eivanje je pokazalo i da nezaposlenost u Para\u0107inu pada ve\u0107 \u010detiri godine uzastopce, da zaposlenost raste. Da po okon\u010danju svetske ekonomske krize u Para\u0107inu imamo veliku investicionu aktivnost malih i srednjih preduze\u0107a. Istra\u017eivanje je kona\u010dno i ukazalo na to da Para\u0107in deli sudbinu susednih i sli\u010dnih op\u0161tina, da je nezaposlenost u Para\u0107inu prakti\u010dno ista kao u Jagodini, Aleksincu, da su tvrdnje o tome da je u tom pogledu Para\u0107in u najte\u017eoj situaciji u Srbiji potpuno neta\u010dne. Pokazali smo i to da ekonomska emigracija i problemi smanjenja stanovni\u0161tva u 107 od 165 op\u0161tina i gradova u Srbiji imaju ve\u0107e razmere nego \u0161to je to slu\u010daj u Para\u0107inu, istakao je Paunovi\u0107.<\/p>\n<p>U ovom trenutku jo\u0161 deset investitora priprema izgradnju poslovnih i proizvodnih objekata u Para\u0107inu, \u0161to zna\u010di da treba o\u010dekivati dalji porast zaposlenosti i dalji pad nezaposlenosti. Nastavlja se i opremanje infrastruturom ve\u0107 prodatih i novih slobodnih parcela u industrijskoj zoni.<\/p>\n<p>-Godinu zavr\u0161avamo sa do sada najve\u0107om podr\u0161kom odborni\u010dkih grupa u skup\u0161tini op\u0161tine Para\u0107in u dono\u0161enju skup\u0161tinskih odluka. Nema jednoglasja, ali smo za najva\u017enije odluke koje se odnose na unapre\u0111enje \u017eivota stanovnika na\u0161e op\u0161tine imali podr\u0161ku do 46 odbornika skup\u0161tine op\u0161tine.Za bud\u017eet za 2017.god. glasalo je 39 odbornika, a za bud\u017eet za 2018.god., uz opravdano odsustvo 2 odbornika\u00a0 glasalo je 44 odbornika, nagla\u0161ava Paunovi\u0107.<\/p>\n<p>Kao najve\u0107i problem on izdvaja ,,sve ve\u0107i nedostatak slu\u017ebenika, pre svega stru\u010dnjaka, zbog ve\u0107 petogodi\u0161nje potpune zabrane zapo\u0161ljavanja u javnom sektoru u situaciji kada na\u0161a op\u0161tina ima preko 130 zaposlenih manje od zakonom dozvoljenog broja i spada u op\u0161tine u Srbiji sa ubedljivom najmanjom administracijom&#8221;.<\/p>\n<p>-Zbog svega toga, kako je ve\u0107 re\u010deno,\u00a0 rokovi za okon\u010danje nekih projekata morali su da budu pomereni, ali su takvi projekti uklju\u010deni u usvojene vi\u0161egodi\u0161nje planove izgradnje usvojene u okviru plana bud\u017eeta za 2018.god. i bi\u0107e realizovani u narednom periodu, zaklju\u010duje Paunovi\u0107.<\/p>\n","protected":false},"excerpt":{"rendered":"<p>PARA\u0106IN-Predsednik op\u0161tine Para\u0107in Sa\u0161a Paunovi\u0107 najavio za 2018. godinu realizaciju projekata vrednih 17 miliona evra. -Ove godine ve\u0107 potpisali sporazume o realizaciji projekata vrednih preko &hellip; <\/p>\n","protected":false},"author":4,"featured_media":10844,"comment_status":"open","ping_status":"open","sticky":false,"template":"","format":"standard","meta":{"footnotes":""},"categories":[1524,2,1516,13,887,12],"tags":[156,552],"_links":{"self":[{"href":"https:\/\/centralmedia.rs\/index.php\/wp-json\/wp\/v2\/posts\/10843"}],"collection":[{"href":"https:\/\/centralmedia.rs\/index.php\/wp-json\/wp\/v2\/posts"}],"about":[{"href":"https:\/\/centralmedia.rs\/index.php\/wp-json\/wp\/v2\/types\/post"}],"author":[{"embeddable":true,"href":"https:\/\/centralmedia.rs\/index.php\/wp-json\/wp\/v2\/users\/4"}],"replies":[{"embeddable":true,"href":"https:\/\/centralmedia.rs\/index.php\/wp-json\/wp\/v2\/comments?post=10843"}],"version-history":[{"count":1,"href":"https:\/\/centralmedia.rs\/index.php\/wp-json\/wp\/v2\/posts\/10843\/revisions"}],"predecessor-version":[{"id":10846,"href":"https:\/\/centralmedia.rs\/index.php\/wp-json\/wp\/v2\/posts\/10843\/revisions\/10846"}],"wp:featuredmedia":[{"embeddable":true,"href":"https:\/\/centralmedia.rs\/index.php\/wp-json\/wp\/v2\/media\/10844"}],"wp:attachment":[{"href":"https:\/\/centralmedia.rs\/index.php\/wp-json\/wp\/v2\/media?parent=10843"}],"wp:term":[{"taxonomy":"category","embeddable":true,"href":"https:\/\/centralmedia.rs\/index.php\/wp-json\/wp\/v2\/categories?post=10843"},{"taxonomy":"post_tag","embeddable":true,"href":"https:\/\/centralmedia.rs\/index.php\/wp-json\/wp\/v2\/tags?post=10843"}],"curies":[{"name":"wp","href":"https:\/\/api.w.org\/{rel}","templated":true}]}}