{"id":10847,"date":"2017-12-29T21:25:19","date_gmt":"2017-12-29T21:25:19","guid":{"rendered":"http:\/\/centralmedia.rs\/?p=10847"},"modified":"2017-12-29T21:25:19","modified_gmt":"2017-12-29T21:25:19","slug":"ninoslav-eric-predsednik-opstine-cuprija-naredna-godina-dobra-za-cupriju-pomoravlje","status":"publish","type":"post","link":"https:\/\/centralmedia.rs\/index.php\/2017\/12\/29\/ninoslav-eric-predsednik-opstine-cuprija-naredna-godina-dobra-za-cupriju-pomoravlje\/","title":{"rendered":"NINOSLAV ERI\u0106 PREDSEDNIK OP\u0160TINE \u0106UPRIJA &#8211; NAREDNA GODINA DOBRA ZA \u0106UPRIJU I POMORAVLJE"},"content":{"rendered":"<p>\u0106UPRIJA-Predsednik Op\u0161tine \u0106uprija Ninoslav Eri\u0107 na poslednjoj \u00a0poslednjoj konferenciju za novinare u 2017. godini izjavio ,,jedva \u010dekam da krene 2018. godina i po\u010dnemo realizaciju projekata koje smo pripremali u 2017&#8243;.<a href=\"https:\/\/centralmedia.rs\/wp-content\/uploads\/2017\/12\/dobricevo.jpg\"><img loading=\"lazy\" decoding=\"async\" class=\"alignright size-medium wp-image-10852\" src=\"https:\/\/centralmedia.rs\/wp-content\/uploads\/2017\/12\/dobricevo-300x178.jpg\" alt=\"\" width=\"300\" height=\"178\" srcset=\"https:\/\/centralmedia.rs\/wp-content\/uploads\/2017\/12\/dobricevo-300x178.jpg 300w, https:\/\/centralmedia.rs\/wp-content\/uploads\/2017\/12\/dobricevo-768x455.jpg 768w, https:\/\/centralmedia.rs\/wp-content\/uploads\/2017\/12\/dobricevo-1024x607.jpg 1024w\" sizes=\"(max-width: 300px) 100vw, 300px\" \/><\/a><\/p>\n<p>-Naredna godina je zna\u010dajna kao prekretnica gde \u0107emo podi\u0107i nivo razvijenosti \u0106uprije i Pomoravlja. \u017delimo da se izdignemo i budemo centralna op\u0161tina \u0161to se ti\u010de investicija u ovom \u00a0delu Srbije. Ova godina je iskori\u0161\u0107ena za strate\u0161ke odluke i projekte, ve\u0107 sam rekao da jedva \u010dekam da po\u010dne 2018. godina. O\u010dekujem da naredna godina bude dobra za \u0106upriju i Pomoravlje. Kre\u0107emo sa realizacijom projekta atletskog stadiona i dovorane. Slede nam razgovori sa Vladom Srbije i Ministarstvom sporta oko finansiranja projekta, po\u0161to \u0107e to biti centar atletike u Srbiji. Izgradnja \u0107e trajati 2018. i 2019. godine. Ovo je veliki projekat za \u0106upriju i Pomoravlje. Za veliki broj stranih sportista ovo \u0107e biti sportska baza, najavio je Eri\u0107.<a href=\"https:\/\/centralmedia.rs\/wp-content\/uploads\/2017\/12\/dobricevo-1.jpg\"><img loading=\"lazy\" decoding=\"async\" class=\"alignright size-medium wp-image-10849\" src=\"https:\/\/centralmedia.rs\/wp-content\/uploads\/2017\/12\/dobricevo-1-300x206.jpg\" alt=\"\" width=\"300\" height=\"206\" srcset=\"https:\/\/centralmedia.rs\/wp-content\/uploads\/2017\/12\/dobricevo-1-300x206.jpg 300w, https:\/\/centralmedia.rs\/wp-content\/uploads\/2017\/12\/dobricevo-1-768x526.jpg 768w, https:\/\/centralmedia.rs\/wp-content\/uploads\/2017\/12\/dobricevo-1-1024x702.jpg 1024w, https:\/\/centralmedia.rs\/wp-content\/uploads\/2017\/12\/dobricevo-1-100x70.jpg 100w, https:\/\/centralmedia.rs\/wp-content\/uploads\/2017\/12\/dobricevo-1-218x150.jpg 218w\" sizes=\"(max-width: 300px) 100vw, 300px\" \/><\/a><\/p>\n<p>Pored atletike, dvorana \u0107e mo\u0107i da primi tenisere i ostale sportiste, ali tu \u0107e se organizovati i muzi\u010dki koncerti. Projekat je ostvarenje sna koji su sanjali Aleksandar Petrovi\u0107, Vera Nikoli\u0107, Sne\u017eana Pajki\u0107, Dragan Zdravkovi\u0107 i ostali legendarni atleti\u010dari iz grada na Moravi&#8230;<\/p>\n<p>-Realizacija izgradnje Industrijskog parka u Dobri\u010devu je naredni projekat. Pored auto puta imamo neiskori\u0161\u0107enih 400 hektara i u dogovoru sa kabinetom premijera Srbije radimo na tom projektu. Tu \u0107e biti veliki trgovinski i uslu\u017eni centar, zabavni park, \u010dak i aerodrom i golf teren. Sa druge strane izgradi\u0107emo Industrijsku zonu, isti\u010de Eri\u0107.<\/p>\n<p>Najava investitora iz Kine odnosi se na izgradnju \u010detiri fabrike za proizvodnju plastike ve\u0107 naredne godine u postoje\u0107oj Industrijskoj zoni.<a href=\"https:\/\/centralmedia.rs\/wp-content\/uploads\/2017\/12\/dobricevo-2.jpg\"><img loading=\"lazy\" decoding=\"async\" class=\"alignright size-medium wp-image-10850\" src=\"https:\/\/centralmedia.rs\/wp-content\/uploads\/2017\/12\/dobricevo-2-300x173.jpg\" alt=\"\" width=\"300\" height=\"173\" srcset=\"https:\/\/centralmedia.rs\/wp-content\/uploads\/2017\/12\/dobricevo-2-300x173.jpg 300w, https:\/\/centralmedia.rs\/wp-content\/uploads\/2017\/12\/dobricevo-2-768x444.jpg 768w, https:\/\/centralmedia.rs\/wp-content\/uploads\/2017\/12\/dobricevo-2-1024x592.jpg 1024w\" sizes=\"(max-width: 300px) 100vw, 300px\" \/><\/a><\/p>\n<p>-Novu Industrijsku zonu gradi\u0107emo pored auto puta i tu Kinezi nameravaju da grade Industrijski park i dovedu jo\u0161 desetak fabrika. Pored toga, investitor iz Turske ima nameru da zakupi Dobri\u010devo i po\u010dne sa tovom hiljadu junadi. Turci su zainteresovani i za razvoj \u0161oping mola i logisti\u010dkog centra. Sa Slovencima nas po\u010detkom naredne godine o\u010dekuje konkretizacija razgovora, nabraja Eri\u0107 i dodaje novi most za putni\u010dki saobra\u0107aj na Velikoj Moravi je naredni projekat.<\/p>\n<p>-Borimo se za taj projekat i to je jedan od zna\u010dajnih projekata koji kre\u0107u 2018. godine. Most je usko grlo za saobra\u0107aj. Stari most bi\u0107e turisti\u010dka atrakcija, ka\u017ee Eri\u0107.\u00a0\u00a0<a href=\"https:\/\/centralmedia.rs\/wp-content\/uploads\/2017\/12\/dobricevo-3.jpg\"><img loading=\"lazy\" decoding=\"async\" class=\"alignright size-medium wp-image-10851\" src=\"https:\/\/centralmedia.rs\/wp-content\/uploads\/2017\/12\/dobricevo-3-300x209.jpg\" alt=\"\" width=\"300\" height=\"209\" srcset=\"https:\/\/centralmedia.rs\/wp-content\/uploads\/2017\/12\/dobricevo-3-300x209.jpg 300w, https:\/\/centralmedia.rs\/wp-content\/uploads\/2017\/12\/dobricevo-3-768x536.jpg 768w, https:\/\/centralmedia.rs\/wp-content\/uploads\/2017\/12\/dobricevo-3-1024x714.jpg 1024w, https:\/\/centralmedia.rs\/wp-content\/uploads\/2017\/12\/dobricevo-3-100x70.jpg 100w\" sizes=\"(max-width: 300px) 100vw, 300px\" \/><\/a><\/p>\n<p>Predsednik Eri\u0107 tako\u0111e je ponovio da \u0107e \u0106uprija u 2018. do\u017eiveti investicioni bum, ali je naglasio da \u0107e lokalna samouprava u narednoj godini da radi i na re\u0161avanju vi\u0161edecenijskog problema vodosnabdevanja, u vezi s \u010dim su ve\u0107 napravljeni ozbiljni pozitivni pomaci. U kratkoj retrospektivi 2017 godine, predsednik Eri\u0107 je podestio da je op\u0161tina uz pomo\u0107 Vlade i Skup\u0161tine Srbije uspela da zaustavi nelegitimna izvr\u0161enja na teret lokalnog bud\u017eeta.\u00a0Ninoslav Eri\u0107 iskoristio je konferenciju za novinare da svim gra\u0111anima op\u0161tine \u0106uprije \u010destita predstoje\u0107u Novu godinu, po\u017eelev\u0161i im sve najbolje u 2018. godini.<\/p>\n","protected":false},"excerpt":{"rendered":"<p>\u0106UPRIJA-Predsednik Op\u0161tine \u0106uprija Ninoslav Eri\u0107 na poslednjoj \u00a0poslednjoj konferenciju za novinare u 2017. godini izjavio ,,jedva \u010dekam da krene 2018. godina i po\u010dnemo realizaciju projekata &hellip; <\/p>\n","protected":false},"author":4,"featured_media":10848,"comment_status":"open","ping_status":"open","sticky":false,"template":"","format":"standard","meta":{"footnotes":""},"categories":[1515,1524,2,13,887,12],"tags":[44,759],"_links":{"self":[{"href":"https:\/\/centralmedia.rs\/index.php\/wp-json\/wp\/v2\/posts\/10847"}],"collection":[{"href":"https:\/\/centralmedia.rs\/index.php\/wp-json\/wp\/v2\/posts"}],"about":[{"href":"https:\/\/centralmedia.rs\/index.php\/wp-json\/wp\/v2\/types\/post"}],"author":[{"embeddable":true,"href":"https:\/\/centralmedia.rs\/index.php\/wp-json\/wp\/v2\/users\/4"}],"replies":[{"embeddable":true,"href":"https:\/\/centralmedia.rs\/index.php\/wp-json\/wp\/v2\/comments?post=10847"}],"version-history":[{"count":1,"href":"https:\/\/centralmedia.rs\/index.php\/wp-json\/wp\/v2\/posts\/10847\/revisions"}],"predecessor-version":[{"id":10853,"href":"https:\/\/centralmedia.rs\/index.php\/wp-json\/wp\/v2\/posts\/10847\/revisions\/10853"}],"wp:featuredmedia":[{"embeddable":true,"href":"https:\/\/centralmedia.rs\/index.php\/wp-json\/wp\/v2\/media\/10848"}],"wp:attachment":[{"href":"https:\/\/centralmedia.rs\/index.php\/wp-json\/wp\/v2\/media?parent=10847"}],"wp:term":[{"taxonomy":"category","embeddable":true,"href":"https:\/\/centralmedia.rs\/index.php\/wp-json\/wp\/v2\/categories?post=10847"},{"taxonomy":"post_tag","embeddable":true,"href":"https:\/\/centralmedia.rs\/index.php\/wp-json\/wp\/v2\/tags?post=10847"}],"curies":[{"name":"wp","href":"https:\/\/api.w.org\/{rel}","templated":true}]}}