{"id":1086,"date":"2015-11-02T11:51:30","date_gmt":"2015-11-02T11:51:30","guid":{"rendered":"http:\/\/centralmedia.rs\/?p=1086"},"modified":"2015-11-02T11:51:57","modified_gmt":"2015-11-02T11:51:57","slug":"udvostrucen-broj-obolelih-od-kolostridije","status":"publish","type":"post","link":"https:\/\/centralmedia.rs\/index.php\/2015\/11\/02\/udvostrucen-broj-obolelih-od-kolostridije\/","title":{"rendered":"UDVOSTRU\u010cEN BROJ OBOLELIH OD KLOSTRIDIJE"},"content":{"rendered":"<p>HEMODIJALIZA U \u0106UPRIJI PO\u010cINJE SA RADOM<br \/>\n\u0106UPRIJA-Predsednik Komisije za infektivne bolesti Ministarstva zdravlja  prof dr Mijomir Pelemi\u0161 potvrdio je da je na Infektivnom odeljenju Op\u0161te bolnice u \u0106upriji sme\u0161teno sedmoro pacijenata sa potvr\u0111enom infekcijom klostridijom, odnosno duplo vi\u0161e nego u \u010detvrtak, kada je bilo troje. Posle obavljenih analiza konstatovano je da je voda za dijalizu ispravna i ta slu\u017eba po\u010de\u0107e sa radom danas popodne, tako da 144 bubre\u017ena bolesnika vi\u0161e ne\u0107e biti prevo\u017eeni u druge centre.<br \/>\n\t-\u0160to se ti\u010de kolstridije, sedam pacijenata je sa verifikovanom infekcijom sme\u0161teno na Infektivnom odeljenju, ali nema novoobolelih. Poslednji pacijent je danas verifikovan, me\u0111utim nije iz bolnice, ve\u0107 je do\u0161ao od ku\u0107e. Troje pacijenata je ozbiljno bolesno, zbog hroni\u010dnih bolesti, a ostali su stabilni. Bolnica normalano radi, a \u0161to se ti\u010de otvaranja Odeljenja ortopedije treba obaviti odre\u0111ene radove koji su inspekcijski nalo\u017eeni,isti\u010de prof dr Pelemi\u0161.<br \/>\n<a href=\"https:\/\/centralmedia.rs\/wp-content\/uploads\/2015\/10\/ortopedija-cuprija-g.j.1.jpg\"><img loading=\"lazy\" decoding=\"async\" src=\"https:\/\/centralmedia.rs\/wp-content\/uploads\/2015\/10\/ortopedija-cuprija-g.j.1-225x300.jpg\" alt=\"ortopedija -cuprija-g.j.\" width=\"225\" height=\"300\" class=\"alignnone size-medium wp-image-1058\" srcset=\"https:\/\/centralmedia.rs\/wp-content\/uploads\/2015\/10\/ortopedija-cuprija-g.j.1-225x300.jpg 225w, https:\/\/centralmedia.rs\/wp-content\/uploads\/2015\/10\/ortopedija-cuprija-g.j.1.jpg 675w\" sizes=\"(max-width: 225px) 100vw, 225px\" \/><\/a><br \/>\nDo \u010detvrtka je bilo verifikovano troje ificiranih klostridijom, tako da je sada taj broj obolelih udvostru\u010den.  Voda na Odeljenju hemodijalize je potpuno ispravna, stoji u nalazi Gradskog zavoda u Beogradu. Sanitarna inspekcija je dala dozvolu za rad hemodijalize.<br \/>\n\t-Najva\u017enije je da je stigao nalaz iz Beograda i da je voda potpuno ispravna. Voda prakti\u010dno nije bila ne ispravna, ali time \u0107e da se bave drugi i to nema veze samnom, rekao je prof dr Pelemi\u0161.<br \/>\nAfera sa infekcijom pacijenata klostridijom u toj bolnici dospela je u javnost 23 oktobra posle smrti Dragice Pavli\u010devi\u0107 (52) iz \u0106uprije, a rezultati obdukcije jo\u0161 nisu poznati.<br \/>\n<a href=\"https:\/\/centralmedia.rs\/wp-content\/uploads\/2015\/10\/bolnica-cuprija-1-cuprija-g.j..jpg\"><img loading=\"lazy\" decoding=\"async\" src=\"https:\/\/centralmedia.rs\/wp-content\/uploads\/2015\/10\/bolnica-cuprija-1-cuprija-g.j.-300x144.jpg\" alt=\"bolnica cuprija 1-cuprija-g.j.\" width=\"300\" height=\"144\" class=\"alignnone size-medium wp-image-1052\" srcset=\"https:\/\/centralmedia.rs\/wp-content\/uploads\/2015\/10\/bolnica-cuprija-1-cuprija-g.j.-300x144.jpg 300w, https:\/\/centralmedia.rs\/wp-content\/uploads\/2015\/10\/bolnica-cuprija-1-cuprija-g.j.-1024x491.jpg 1024w, https:\/\/centralmedia.rs\/wp-content\/uploads\/2015\/10\/bolnica-cuprija-1-cuprija-g.j..jpg 1200w\" sizes=\"(max-width: 300px) 100vw, 300px\" \/><\/a><br \/>\nIz Zavoda za javno zdravlje  u \u0106upriji saop\u0161teno je povodom ispitivanja vode iz Centra za hemodijalizu da su vrednosti ispitivanih mikrobilo\u0161kih parametara u granicama dozvoljenih.    <\/p>\n","protected":false},"excerpt":{"rendered":"<p>HEMODIJALIZA U \u0106UPRIJI PO\u010cINJE SA RADOM \u0106UPRIJA-Predsednik Komisije za infektivne bolesti Ministarstva zdravlja prof dr Mijomir Pelemi\u0161 potvrdio je da je na Infektivnom odeljenju Op\u0161te &hellip; <\/p>\n","protected":false},"author":4,"featured_media":1087,"comment_status":"open","ping_status":"open","sticky":false,"template":"","format":"standard","meta":{"footnotes":""},"categories":[14,2,12],"tags":[184,198,154],"_links":{"self":[{"href":"https:\/\/centralmedia.rs\/index.php\/wp-json\/wp\/v2\/posts\/1086"}],"collection":[{"href":"https:\/\/centralmedia.rs\/index.php\/wp-json\/wp\/v2\/posts"}],"about":[{"href":"https:\/\/centralmedia.rs\/index.php\/wp-json\/wp\/v2\/types\/post"}],"author":[{"embeddable":true,"href":"https:\/\/centralmedia.rs\/index.php\/wp-json\/wp\/v2\/users\/4"}],"replies":[{"embeddable":true,"href":"https:\/\/centralmedia.rs\/index.php\/wp-json\/wp\/v2\/comments?post=1086"}],"version-history":[{"count":0,"href":"https:\/\/centralmedia.rs\/index.php\/wp-json\/wp\/v2\/posts\/1086\/revisions"}],"wp:featuredmedia":[{"embeddable":true,"href":"https:\/\/centralmedia.rs\/index.php\/wp-json\/wp\/v2\/media\/1087"}],"wp:attachment":[{"href":"https:\/\/centralmedia.rs\/index.php\/wp-json\/wp\/v2\/media?parent=1086"}],"wp:term":[{"taxonomy":"category","embeddable":true,"href":"https:\/\/centralmedia.rs\/index.php\/wp-json\/wp\/v2\/categories?post=1086"},{"taxonomy":"post_tag","embeddable":true,"href":"https:\/\/centralmedia.rs\/index.php\/wp-json\/wp\/v2\/tags?post=1086"}],"curies":[{"name":"wp","href":"https:\/\/api.w.org\/{rel}","templated":true}]}}