{"id":10884,"date":"2018-01-04T10:46:26","date_gmt":"2018-01-04T10:46:26","guid":{"rendered":"http:\/\/centralmedia.rs\/?p=10884"},"modified":"2018-01-04T10:48:08","modified_gmt":"2018-01-04T10:48:08","slug":"intervju-predsednika-narodne-stranke-vuka-jeremica-za-moravske-vesti-okupljanje-opozicije-za-beogradske-izbore","status":"publish","type":"post","link":"https:\/\/centralmedia.rs\/index.php\/2018\/01\/04\/intervju-predsednika-narodne-stranke-vuka-jeremica-za-moravske-vesti-okupljanje-opozicije-za-beogradske-izbore\/","title":{"rendered":"INTERVJU PREDSEDNIKA NARODNE STRANKE VUKA JEREMI\u0106A ZA \u201eMORAVSKE VESTI\u201d  &#8211; OKUPLJANJE OPOZICIJE ZA BEOGRADSKE IZBORE"},"content":{"rendered":"<p>BEOGRAD \u2013 Predsednik Narodne stranke, Vuk Jeremi\u0107, izjavio je za \u201eMoravske vesti\u201d i portal\u00a0<a href=\"https:\/\/centralmedia.rs\/\">centralmedia.rs<\/a>\u00a0da se pred beogradske izbore ta partija zala\u017ee za okupljanje opozicije u jednu kolonu i da su prihvatljivi svi koji ka\u017eu da ni na koji na\u010din ne\u0107e sara\u0111ivati sa aktuelnim re\u017eimom.<\/p>\n<p>\u2013 Iz te pri\u010de se diskvalifikovao LDP. Ko god je spreman da sara\u0111uje sada ili u budu\u0107nosti sa aktuelnom vla\u0161\u0107u, mislim da za njega ne bi trebalo da bude mesta, dodao je Jeremi\u0107. Opovrgavaju\u0107i tezu o formiranju novog DOS-a pred beogradske izbore, on isti\u010de da je DOS sa druge strane.<\/p>\n<p>\u2013 Sada\u0161nji predsednik Srbije isti\u010de da se sam bori protiv svih, a u stvari\u00a0je\u00a0na njegovoj strani okupljeno 15 stranaka. Zvani\u010dno su u toj koaliciji od Zukorli\u0107a, preko Popovi\u0107a i Dra\u0161kovi\u0107a do Kari\u0107a, a tome treba dodati i one koji ga iz sveg srca nezvani\u010dno podr\u017eavaju, recimo \u010cedomir Jovanovi\u0107 ili Nenad \u010canak. To dru\u0161tvo nije moglo da se okupi oko ni\u010deg konstruktivnog i dobrog. To je DOS dana\u0161njice, odnosno negativna strana te nekada\u0161nje koalicije, nagla\u0161ava Jeremi\u0107.<a href=\"https:\/\/centralmedia.rs\/wp-content\/uploads\/2018\/01\/vuk-jeremic-2.jpg\"><img loading=\"lazy\" decoding=\"async\" class=\"aligncenter size-full wp-image-10887\" src=\"https:\/\/centralmedia.rs\/wp-content\/uploads\/2018\/01\/vuk-jeremic-2.jpg\" alt=\"\" width=\"785\" height=\"297\" srcset=\"https:\/\/centralmedia.rs\/wp-content\/uploads\/2018\/01\/vuk-jeremic-2.jpg 785w, https:\/\/centralmedia.rs\/wp-content\/uploads\/2018\/01\/vuk-jeremic-2-300x114.jpg 300w, https:\/\/centralmedia.rs\/wp-content\/uploads\/2018\/01\/vuk-jeremic-2-768x291.jpg 768w\" sizes=\"(max-width: 785px) 100vw, 785px\" \/><\/a><\/p>\n<p>Narodna stranka se jedina zala\u017ee da vojna neutralnost bude upisana u Ustav Srbije.<\/p>\n<p>\u2013 Da vi\u0161e nema dnevnopoliti\u010dkih diskusija na tu temu, da to postane stvar trajnog opredeljenja. Nije dovoljno re\u0107i kako smo mi za vojnu neutralnost i na tome stati, kao \u0161to se trenutno radi. Da bismo bili vojno neutralni, potrebna je nova Vojna doktrina i Strategija bezbednosti, jer ove koje sada imamo ne podrazumevaju vojnu neutralnost. Ako smo ozbiljni po tom pitanju, moramo doneti nova strate\u0161ka dokumenta i moramo pripremati bezbednosni sistem tako da politi\u010dka odluka bude dugoro\u010dno odr\u017eiva, rekao je o strate\u0161kom opredeljenju NS Jeremi\u0107 i dodao da aktuelna vlast to ne radi, ve\u0107 pri\u010du o svrstavanju u vojne blokove koristi \u201eu dnevnopoliti\u010dke svrhe za bla\u0107enje njega i NS, potpuno la\u017eno\u201d.<\/p>\n<p>Pored toga, Narodna stranka se zala\u017ee za uvo\u0111enje specijalnog tu\u017eioca za visoku korupciju, koji bi bez zadr\u0161ke proveravao bilo \u010diju imovinu i sumnju o koruptivnim radnjama. Na to se naslanjaju zakoni o poreklu imovine i lustraciji. Borba protiv korupcije u pravosu\u0111u je za Jeremi\u0107a temeljni cilj njegove stranke.<\/p>\n<p>\u2013 To je jedna od stvari koja predstavlja sistemski problem za dalji razvoj dru\u0161tva. Ne mo\u017eemo normalno da \u017eivimo i privre\u0111ujemo u dr\u017eavi u kojoj nema vladavine prava i gde ne\u00a0va\u017ee\u00a0ista pravila za sve gra\u0111ane. Ovo prakti\u010dno zna\u010di da pravosu\u0111e ne bude pod komandnom palicom izvr\u0161ne vlasti. To nam je neophodno i zato je prvo formiran Odbor za pravosu\u0111e. Iza\u0161li smo sa setom predloga kako da pravosu\u0111e u\u010dinimo nezavisnim, kako da stanemo na put korupciji koja je spu\u0161tena do najni\u017eeg nivoa, ali moramo krenuti od po\u010detka, odnosno od glave, zaklju\u010dio je Vuk Jeremi\u0107 u intervjuu za \u201eMoravske vesti\u201d i portal\u00a0<a href=\"https:\/\/centralmedia.rs\/\">centralmedia.rs<\/a>.<\/p>\n","protected":false},"excerpt":{"rendered":"<p>BEOGRAD \u2013 Predsednik Narodne stranke, Vuk Jeremi\u0107, izjavio je za \u201eMoravske vesti\u201d i portal\u00a0centralmedia.rs\u00a0da se pred beogradske izbore ta partija zala\u017ee za okupljanje opozicije u &hellip; <\/p>\n","protected":false},"author":4,"featured_media":10885,"comment_status":"open","ping_status":"open","sticky":false,"template":"","format":"standard","meta":{"footnotes":""},"categories":[2,13,12],"tags":[916,2567,1642],"_links":{"self":[{"href":"https:\/\/centralmedia.rs\/index.php\/wp-json\/wp\/v2\/posts\/10884"}],"collection":[{"href":"https:\/\/centralmedia.rs\/index.php\/wp-json\/wp\/v2\/posts"}],"about":[{"href":"https:\/\/centralmedia.rs\/index.php\/wp-json\/wp\/v2\/types\/post"}],"author":[{"embeddable":true,"href":"https:\/\/centralmedia.rs\/index.php\/wp-json\/wp\/v2\/users\/4"}],"replies":[{"embeddable":true,"href":"https:\/\/centralmedia.rs\/index.php\/wp-json\/wp\/v2\/comments?post=10884"}],"version-history":[{"count":2,"href":"https:\/\/centralmedia.rs\/index.php\/wp-json\/wp\/v2\/posts\/10884\/revisions"}],"predecessor-version":[{"id":10888,"href":"https:\/\/centralmedia.rs\/index.php\/wp-json\/wp\/v2\/posts\/10884\/revisions\/10888"}],"wp:featuredmedia":[{"embeddable":true,"href":"https:\/\/centralmedia.rs\/index.php\/wp-json\/wp\/v2\/media\/10885"}],"wp:attachment":[{"href":"https:\/\/centralmedia.rs\/index.php\/wp-json\/wp\/v2\/media?parent=10884"}],"wp:term":[{"taxonomy":"category","embeddable":true,"href":"https:\/\/centralmedia.rs\/index.php\/wp-json\/wp\/v2\/categories?post=10884"},{"taxonomy":"post_tag","embeddable":true,"href":"https:\/\/centralmedia.rs\/index.php\/wp-json\/wp\/v2\/tags?post=10884"}],"curies":[{"name":"wp","href":"https:\/\/api.w.org\/{rel}","templated":true}]}}