{"id":10889,"date":"2018-01-04T10:53:16","date_gmt":"2018-01-04T10:53:16","guid":{"rendered":"http:\/\/centralmedia.rs\/?p=10889"},"modified":"2018-01-04T10:53:16","modified_gmt":"2018-01-04T10:53:16","slug":"promovisana-knjiga-o-zvonku-milojevicu-jos-uvek-u-igri","status":"publish","type":"post","link":"https:\/\/centralmedia.rs\/index.php\/2018\/01\/04\/promovisana-knjiga-o-zvonku-milojevicu-jos-uvek-u-igri\/","title":{"rendered":"Promovisana knjiga o Zvonku Milojevi\u0107u &#8211; \u201eJO\u0160 UVEK U IGRI\u201d"},"content":{"rendered":"<p>BEOGRAD \u2013 \u201eNekada sam igrao na zelenoj livadi, a sada igram u snovima i se\u0107anjima onih koji su me voleli. Nije li to isto? Ja sam jo\u0161 uvek u igri\u201d \u2013 ove re\u010di Zvonka Milojevi\u0107a predstavljaju moto knjige, a poslednja re\u010denica je naslov u koji je sa\u017eeta cela njegova \u017eivotna filozofija.\u00a0\u00a0Knjiga\u00a0<em>Jo\u0161 uvek u igri<\/em>, koja govori o \u017eivotu \u010duvenog \u00a0Zvezdinog golmana, svetskog pravaka, \u00a0promovisana je 15. decembra, na stadionu \u201eRajko Miti\u0107\u201d. Milojevi\u0107 je bio na golovima\u00a0\u00a0Crvene zvezde, Lokerena, Anderlehta i reprezentacije Jugoslavije, u trenutku kada je okon\u010dao bogatu karijeru. Pre deset godina do\u017eiveo je te\u0161ku saobra\u0107ajnu nesre\u0107u i od tada, kako sam ka\u017ee \u201e\u017eivi drugi \u017eivot\u201d.<\/p>\n<figure id=\"attachment_10891\" aria-describedby=\"caption-attachment-10891\" style=\"width: 300px\" class=\"wp-caption alignright\"><a href=\"https:\/\/centralmedia.rs\/wp-content\/uploads\/2018\/01\/porodica-je-zvonkova-snaga.jpg\"><img loading=\"lazy\" decoding=\"async\" class=\"size-medium wp-image-10891\" src=\"https:\/\/centralmedia.rs\/wp-content\/uploads\/2018\/01\/porodica-je-zvonkova-snaga-300x188.jpg\" alt=\"\" width=\"300\" height=\"188\" srcset=\"https:\/\/centralmedia.rs\/wp-content\/uploads\/2018\/01\/porodica-je-zvonkova-snaga-300x188.jpg 300w, https:\/\/centralmedia.rs\/wp-content\/uploads\/2018\/01\/porodica-je-zvonkova-snaga-768x480.jpg 768w, https:\/\/centralmedia.rs\/wp-content\/uploads\/2018\/01\/porodica-je-zvonkova-snaga-1024x640.jpg 1024w, https:\/\/centralmedia.rs\/wp-content\/uploads\/2018\/01\/porodica-je-zvonkova-snaga.jpg 2048w\" sizes=\"(max-width: 300px) 100vw, 300px\" \/><\/a><figcaption id=\"caption-attachment-10891\" class=\"wp-caption-text\">Porodica Milojevi\u0107 na promociji knjige.<\/figcaption><\/figure>\n<p>\u2013 Pre svega bih \u017eeleo da se zahvalim svima koji su danas uz mene, ovo je zaista za mene veliki dan jer je objavljena knjiga koju smo dugo \u010dekali. Veliku zahvalnost dugujem i Crvenoj zvezdi, bez \u010dije pomo\u0107i ova knjiga ne bi iza\u0161la. Iskoristio bih priliku da se jo\u0161 jednom zahvalim i svojoj crveno-beloj i crno-beloj bra\u0107i koja su sakupila novac i kupila mi auto sa ru\u010dnim kontrolama, koji mi mnogo zna\u010di. Pored toga, moram da spomenem dvojicu Dejana, mog kuma Dejana Stankovi\u0107a i mog menad\u017eera Dejana Veljkovi\u0107a, koji su tako\u0111e zaslu\u017eni za sve ovo \u0161to se de\u0161ava. Ne\u0107u preuveli\u010dati kada ka\u017eem da je Vladica Popovi\u0107 najbolji trener Crvene zvezde, rekao je na promociji Milojevi\u0107.<\/p>\n<blockquote>\n<p class=\"m2219076190358668174gmail-msonormal\" style=\"background: white;\"><span style=\"font-family: 'Arial','sans-serif'; color: #222222;\">Legenda Crvene zvezde i trener koji je predvodio Zvonka Milojevi\u0107a do titule prvaka sveta, Vladica Popovi\u0107, rekao je da mu je velika \u010dast \u0161to je u prilici da sedi pored Zvonka i da sa njim razgovara.<\/span><\/p>\n<p class=\"m2219076190358668174gmail-msonormal\" style=\"background: white;\"><span style=\"font-family: 'Arial','sans-serif'; color: #222222;\">\u2013 \u0422\u0438 \u0441\u0438 \u043e\u0434\u0443\u0432\u0435\u043a \u0431\u0438\u043e \u0432\u0435\u043b\u0438\u043a\u0438 \u0434\u0440\u0443\u0433, \u043f\u0440\u0438\u0458\u0430\u0442\u0435\u0459 \u0438 \u0458\u043e\u0448 \u0432\u0435\u045b\u0438 \u0438\u0433\u0440\u0430\u0447. \u0422\u0430\u043a\u0430\u0432 \u045b\u0435\u0448 \u0437\u0430\u0443\u0432\u0435\u043a \u043e\u0441\u0442\u0430\u0442\u0438 \u0441\u0432\u0438\u043c\u0430 \u043d\u0430\u043c\u0430. \u0423 \u0438\u043c\u0435 \u0441\u0432\u0438\u0445 \u043c\u043e\u0458\u0438\u0445 \u0434\u0440\u0443\u0433\u043e\u0432\u0430, \u043a\u0430\u043e \u0438 \u0442\u0432\u043e\u0458\u0438\u0445 \u0441\u0430\u0438\u0433\u0440\u0430\u0447\u0430, \u043e\u0434 \u0441\u0440\u0446\u0430 \u0442\u0438 \u0436\u0435\u043b\u0438\u043c \u0441\u0432\u0435 \u043d\u0430\u0458\u043b\u0435\u043f\u0448\u0435. \u0425\u0432\u0430\u043b\u0430 \u0442\u0435\u0431\u0438 \u0438 \u0442\u0432\u043e\u0458\u043e\u0458 \u043f\u043e\u0440\u043e\u0434\u0438\u0446\u0438 \u043a\u043e\u0458\u0430 \u0442\u0438 \u0443 \u0441\u0432\u0430\u043a\u043e\u043c \u0442\u0440\u0435\u043d\u0443\u0442\u043a\u0443 \u043d\u0435\u0441\u0435\u0431\u0438\u0447\u043d\u043e \u043f\u043e\u043c\u0430\u0436\u0435, \u0458\u0430 \u043e\u0434\u043b\u0438\u0447\u043d\u043e \u0437\u043d\u0430\u043c \u0434\u0430 \u0441\u0430 \u0442\u043e\u0431\u043e\u043c \u043d\u0435\u043a\u0430\u0434\u0430 \u043d\u0438\u0458\u0435 \u043b\u0430\u043a\u043e, \u0430\u043b\u0438 \u0441\u0438 \u0443 \u0441\u0432\u0430\u043a\u043e\u043c \u0442\u0440\u0435\u043d\u0443\u0442\u043a\u0443 \u0431\u0438\u043e \u0438 \u043e\u0441\u0442\u0430\u043e \u043d\u0430\u0458\u0432\u0435\u045b\u0438, \u0440\u0435\u043a\u0430\u043e \u0458\u0435 \u041f\u043e\u043f\u043e\u0432\u0438\u045b.<\/span><\/p>\n<\/blockquote>\n<p>Godinu dana ranije, on je na isti na\u010din autoru ovih redova govorio sa puno duha i \u017eivotne radosti o \u017eivotu, fudbalu, prijateljima i svom najva\u017enijem osloncu \u2013 porodici.<\/p>\n<figure id=\"attachment_10892\" aria-describedby=\"caption-attachment-10892\" style=\"width: 300px\" class=\"wp-caption alignright\"><a href=\"https:\/\/centralmedia.rs\/wp-content\/uploads\/2018\/01\/zvonko-milojevic-sa-legendarnim-treneriam-golmanima-i-igracima-crvene-zvezde.jpg\"><img loading=\"lazy\" decoding=\"async\" class=\"size-medium wp-image-10892\" src=\"https:\/\/centralmedia.rs\/wp-content\/uploads\/2018\/01\/zvonko-milojevic-sa-legendarnim-treneriam-golmanima-i-igracima-crvene-zvezde-300x187.jpg\" alt=\"\" width=\"300\" height=\"187\" srcset=\"https:\/\/centralmedia.rs\/wp-content\/uploads\/2018\/01\/zvonko-milojevic-sa-legendarnim-treneriam-golmanima-i-igracima-crvene-zvezde-300x187.jpg 300w, https:\/\/centralmedia.rs\/wp-content\/uploads\/2018\/01\/zvonko-milojevic-sa-legendarnim-treneriam-golmanima-i-igracima-crvene-zvezde-768x480.jpg 768w, https:\/\/centralmedia.rs\/wp-content\/uploads\/2018\/01\/zvonko-milojevic-sa-legendarnim-treneriam-golmanima-i-igracima-crvene-zvezde-1024x640.jpg 1024w, https:\/\/centralmedia.rs\/wp-content\/uploads\/2018\/01\/zvonko-milojevic-sa-legendarnim-treneriam-golmanima-i-igracima-crvene-zvezde.jpg 2048w\" sizes=\"(max-width: 300px) 100vw, 300px\" \/><\/a><figcaption id=\"caption-attachment-10892\" class=\"wp-caption-text\">Zvonkova sportska porodica<\/figcaption><\/figure>\n<p>\u2013 Bog mi je podario drugi \u017eivot i ho\u0107u maksimalno da ga iskoristim, ho\u0107u da ga podelim sa ljudima koji su zaslu\u017eni za moj oporavak. Te\u0161ka situacija u kojoj sam bio mi je pomogla da vidim ko mi je pravi prijatelj, a ko nije. Lako je u dobru biti dobar, sesti za sto, jesti i piti, ali kada do\u0111e stani-pani, te\u0161ko je ostati dobar. Mislio sam da imam veliki broj prijatelja, a sada ni na prste ruke ne mogu da ih nabrojim, pri\u010da uz osmeh Miloje, kako mu jo\u0161 uvek skandiraju na Marakani.<\/p>\n<p>Godine neizvesnosti i mukotrpnog oporavka su iza njega, sada mo\u017ee samostalno da se kre\u0107e u kolicima i da putuje automobilom.\u00a0Ka\u017ee da su dve njegove najve\u0107e ljubavi fudbal i automobili.<\/p>\n<p>\u2013\u00a0Svi me pitaju da li se pla\u0161im kada nai\u0111em na kamion u toku vo\u017enje. Ono \u0161to ja uradim kada pro\u0111em pored kamiona, jeste da izgovorim re\u010denicu\u00a0<em>Ma ko te \u0161i\u0161a<\/em>,\u00a0<em>ti mi nisi mogao ni\u0161ta, ja\u010di sam i od tebe<\/em>, dodam gas i nastavim dalje,\u00a0pri\u010da Milojevi\u0107.<\/p>\n<p>Lekari tako\u0111e izra\u017eavaju \u010du\u0111enje kada je re\u010d o Milojevi\u0107evom oporavku. Pitaju ga kako je mogu\u0107e da je tako psihi\u010dki sna\u017ean i pored te\u0161kih posledica udesa.<\/p>\n<p>\u2013 Re\u010d je o dve stvari. Ne razmi\u0161ljam mnogo o onome \u0161to ne mogu, ali zato maksimalno u\u017eivam u onome \u0161to mogu, a mogu sve vi\u0161e i vi\u0161e. Pod dva, ne dozvoljavam da problem vlada mnome, nego ja vladam njime. Nasmeju se i ka\u017eu da im niko nije dao takav odgovor. Najva\u017enija je mentalna stabilnost, nisam se prepustio bezna\u0111u. Ako ide\u0161 ulicom, pri\u010da\u0161 sam sa sobom i \u0161apu\u0107e\u0161, nema ni\u0161ta od te stabilnosti, ka\u017ee Milojevi\u0107.<\/p>\n<p>Na promociji su bile mnogobrojne legende Crvene zvezde, predstavnici veterana, na \u010delu sa golmanima Stevanom Dikom Stojanovi\u0107em i \u017divanom Ljukov\u010danom. Tu su bili i golmani svih selekcija, od petli\u0107a do prvog tima, predvo\u0111eni Milanom Borjanom, Damirom Kahrimanom i njihovim trenerom Du\u0161anom Ga\u0161i\u0107em. U ime kluba, Milojevi\u0107a su pozdravili predsednik Svetozar Mijailovi\u0107 i sportski direktor, Mitar Mrkela.<\/p>\n<p>Knjigu\u00a0<em>Jo\u0161 uvek u igri<\/em>\u00a0napisao je Neboj\u0161a Lap\u010devi\u0107, a pod pokroviteljstvom Crvene zvezde objavila ga je Izdava\u010dka ku\u0107a \u201eArte\u201d iz Beograda.<\/p>\n","protected":false},"excerpt":{"rendered":"<p>BEOGRAD \u2013 \u201eNekada sam igrao na zelenoj livadi, a sada igram u snovima i se\u0107anjima onih koji su me voleli. Nije li to isto? Ja &hellip; <\/p>\n","protected":false},"author":4,"featured_media":10890,"comment_status":"open","ping_status":"open","sticky":false,"template":"","format":"standard","meta":{"footnotes":""},"categories":[2,21],"tags":[1424,1299],"_links":{"self":[{"href":"https:\/\/centralmedia.rs\/index.php\/wp-json\/wp\/v2\/posts\/10889"}],"collection":[{"href":"https:\/\/centralmedia.rs\/index.php\/wp-json\/wp\/v2\/posts"}],"about":[{"href":"https:\/\/centralmedia.rs\/index.php\/wp-json\/wp\/v2\/types\/post"}],"author":[{"embeddable":true,"href":"https:\/\/centralmedia.rs\/index.php\/wp-json\/wp\/v2\/users\/4"}],"replies":[{"embeddable":true,"href":"https:\/\/centralmedia.rs\/index.php\/wp-json\/wp\/v2\/comments?post=10889"}],"version-history":[{"count":1,"href":"https:\/\/centralmedia.rs\/index.php\/wp-json\/wp\/v2\/posts\/10889\/revisions"}],"predecessor-version":[{"id":10893,"href":"https:\/\/centralmedia.rs\/index.php\/wp-json\/wp\/v2\/posts\/10889\/revisions\/10893"}],"wp:featuredmedia":[{"embeddable":true,"href":"https:\/\/centralmedia.rs\/index.php\/wp-json\/wp\/v2\/media\/10890"}],"wp:attachment":[{"href":"https:\/\/centralmedia.rs\/index.php\/wp-json\/wp\/v2\/media?parent=10889"}],"wp:term":[{"taxonomy":"category","embeddable":true,"href":"https:\/\/centralmedia.rs\/index.php\/wp-json\/wp\/v2\/categories?post=10889"},{"taxonomy":"post_tag","embeddable":true,"href":"https:\/\/centralmedia.rs\/index.php\/wp-json\/wp\/v2\/tags?post=10889"}],"curies":[{"name":"wp","href":"https:\/\/api.w.org\/{rel}","templated":true}]}}