{"id":10899,"date":"2018-01-04T20:47:57","date_gmt":"2018-01-04T20:47:57","guid":{"rendered":"http:\/\/centralmedia.rs\/?p=10899"},"modified":"2018-01-04T20:47:57","modified_gmt":"2018-01-04T20:47:57","slug":"patrijarh-irinej-objavio-bozicnu-poslanicu-molimo-se-za-sve-ljude-ne-zaboravimo-kosovo-metohiju","status":"publish","type":"post","link":"https:\/\/centralmedia.rs\/index.php\/2018\/01\/04\/patrijarh-irinej-objavio-bozicnu-poslanicu-molimo-se-za-sve-ljude-ne-zaboravimo-kosovo-metohiju\/","title":{"rendered":"PATRIJARH IRINEJ OBJAVIO BO\u017dI\u0106NU POSLANICU &#8211; Molimo se za sve ljude, ne zaboravimo Kosovo i Metohiju"},"content":{"rendered":"<p>Patrijarh Srpske pravoslavne crkve Irinej pozvao je u Bo\u017ei\u0107noj poslanici pravoslavne vernike da se mole za sve ljude, a posebno da ne zaborave na na\u0161e gra\u0111ane koji \u017eive na Kosovu i Metohiji u te\u0161kim uslovima. Tako\u0111e je pozvao vernike da se mole za mir u svetu kako bi se oni koji dr\u017ee poluge mo\u0107i okrenuli dobru.<\/p>\n<p>&#8220;Mi pravoslavni hri\u0161\u0107ani i deca Crkve, Njegovom (bo\u017ejom) blagoda\u0107u osna\u017eeni, bez obzira na to kako se drugi odnose prema nama bilo gde, u otad\u017ebini, okru\u017eenju i vascelom svetu, svima uzvra\u0107amo po zapovesti Bo\u017ejoj &#8211; bratski i prijateljski, ma koje vere i narodnosti oni bili, znaju\u0107i da nas Bog ljubavi pita \u0161ta mi \u010dinimo drugima, a ne \u0161ta drugi \u010dine nama&#8221;, istakao je patrijarh.<\/p>\n<p>Posebno je pozvao vernike da srcem i du\u0161om budu jedno sa pravoslavnim srpskim narodom koji, kako je rekao, verno \u010duva i brani svaku stopu svete zemlje Kosova i Metohije. Ta zemlja je prema re\u010dima patrijarha, sprskom narodu &#8220;darovana od Gospoda kao ve\u010dni zalog&#8221;.<\/p>\n<p>&#8220;Vremena burna su dolazila i prolazila. Za sve to vreme na\u0161i preci su u svojim srcima neizbrisivo nosili Pe\u0107ku Patrijar\u0161iju, Gra\u010danicu, Bogorodicu Ljevi\u0161ku, Banjsku, De\u010dane, Svete Arhangele i na hiljade drugih svetih oltara \u0161irom KIM&#8221;, rekao je poglavar SPC.<\/p>\n<p>Istakao je da se ne sme zaboraviti da su Kosovo i Metohija srpski Jerusalim i sveta zemlja, podse\u0107aju\u0107i na obe\u0107anje koje je dao David Jerusalimu.<\/p>\n<p>&#8220;Ako zaboravim tebe, Jerusalime, ako zaboravim tebe, Kosovo i Metohijo, neka me zaboravi desnica moja&#8221;, poru\u010dio je patrijarh.<\/p>\n<p>Prema njegovim re\u010dima, danas, kada Presveta Djeva Marija ra\u0111a Preve\u010dnoga Boga, vernici treba da se mole za sve ljude, a naro\u010dito za mlade, namu\u010dene porocima narkomanije, alkoholizma, razvrata, lenjosti, gneva, srebroljublja, zavisti, gordosti, neumerenosti, bezose\u0107ajnosti i svim drugim porocima.<\/p>\n<p>Osvr\u0107u\u0107i se na stradanje dece \u0161irom sveta, nasilje nad pojedincima i narodima, svet u kojem vladaju nejednakost, socijalna nepravda i nuklearna pretnja, patrijarh je pozvao vernike da se mole Bogu &#8220;da prosvetli tamu i okrene dobru one koji dr\u017ee poluge mo\u0107i u svojim rukama&#8221;.<\/p>\n<p>&#8220;Ne bojmo se. Umesto ovozemaljskih briga i straha, molimo se da mir Bo\u017eji danas ispuni na\u0161a srca. To je mir koji nije pasivnost i ravnodu\u0161nost nego dinami\u010dna, stvarala\u010dka i povrh svega, neprestano aktivna sila koja ima mo\u0107 da preobra\u017eava, kao i da donosi spasenje ne samo nama ve\u0107 i ljudima oko nas&#8221;, naglasio je patrijarh.<\/p>\n<p>Patrijarh je bo\u017ei\u0107nu besedu zaklju\u010dio najradosnijim hri\u0161\u0107aniskim pozdravom: &#8220;Mir Bo\u017eji, Hristos se rodi!&#8221;<\/p>\n","protected":false},"excerpt":{"rendered":"<p>Patrijarh Srpske pravoslavne crkve Irinej pozvao je u Bo\u017ei\u0107noj poslanici pravoslavne vernike da se mole za sve ljude, a posebno da ne zaborave na na\u0161e &hellip; <\/p>\n","protected":false},"author":4,"featured_media":10900,"comment_status":"open","ping_status":"open","sticky":false,"template":"","format":"standard","meta":{"footnotes":""},"categories":[14,2,12],"tags":[1580,868,894],"_links":{"self":[{"href":"https:\/\/centralmedia.rs\/index.php\/wp-json\/wp\/v2\/posts\/10899"}],"collection":[{"href":"https:\/\/centralmedia.rs\/index.php\/wp-json\/wp\/v2\/posts"}],"about":[{"href":"https:\/\/centralmedia.rs\/index.php\/wp-json\/wp\/v2\/types\/post"}],"author":[{"embeddable":true,"href":"https:\/\/centralmedia.rs\/index.php\/wp-json\/wp\/v2\/users\/4"}],"replies":[{"embeddable":true,"href":"https:\/\/centralmedia.rs\/index.php\/wp-json\/wp\/v2\/comments?post=10899"}],"version-history":[{"count":1,"href":"https:\/\/centralmedia.rs\/index.php\/wp-json\/wp\/v2\/posts\/10899\/revisions"}],"predecessor-version":[{"id":10901,"href":"https:\/\/centralmedia.rs\/index.php\/wp-json\/wp\/v2\/posts\/10899\/revisions\/10901"}],"wp:featuredmedia":[{"embeddable":true,"href":"https:\/\/centralmedia.rs\/index.php\/wp-json\/wp\/v2\/media\/10900"}],"wp:attachment":[{"href":"https:\/\/centralmedia.rs\/index.php\/wp-json\/wp\/v2\/media?parent=10899"}],"wp:term":[{"taxonomy":"category","embeddable":true,"href":"https:\/\/centralmedia.rs\/index.php\/wp-json\/wp\/v2\/categories?post=10899"},{"taxonomy":"post_tag","embeddable":true,"href":"https:\/\/centralmedia.rs\/index.php\/wp-json\/wp\/v2\/tags?post=10899"}],"curies":[{"name":"wp","href":"https:\/\/api.w.org\/{rel}","templated":true}]}}