{"id":10902,"date":"2018-01-05T14:49:20","date_gmt":"2018-01-05T14:49:20","guid":{"rendered":"http:\/\/centralmedia.rs\/?p=10902"},"modified":"2018-01-05T14:49:20","modified_gmt":"2018-01-05T14:49:20","slug":"godinu-dana-posle-pokusaja-kandidature-za-predsednika-srbije-fila-politika-nikad-vise","status":"publish","type":"post","link":"https:\/\/centralmedia.rs\/index.php\/2018\/01\/05\/godinu-dana-posle-pokusaja-kandidature-za-predsednika-srbije-fila-politika-nikad-vise\/","title":{"rendered":"GODINU DANA POSLE POKU\u0160AJA KANDIDATURE ZA PREDSEDNIKA SRBIJE &#8211; FILA: POLITIKA NIKAD VI\u0160E"},"content":{"rendered":"<p>SVILAJNAC \u2013 Sr\u0111an Filipovi\u0107 Fila, kontroverzni umetnik iz Svilajnca, posle uspe\u0161nog izleta u politiku vratio se svom poslu \u2013 ure\u0111uje enterijere ugostiteljskih objekata. Zati\u010demo ga u upravo zavr\u0161enoj piceriji, ispija espreso. Godinu dana posle poku\u0161aja da se kandiduje za predsednika Srbije, ali i velikog uspeha na izborima, jer je po \u201epredaji glasova\u201d njegov kandindat Beli Preleta\u010devi\u0107 u Svilajncu i Pomoravlju bio drugi po broju glasova sa blizu\u00a010 odsto podr\u0161ke.<a href=\"https:\/\/centralmedia.rs\/wp-content\/uploads\/2018\/01\/fila-2.jpg\"><img loading=\"lazy\" decoding=\"async\" class=\"alignright size-medium wp-image-10904\" src=\"https:\/\/centralmedia.rs\/wp-content\/uploads\/2018\/01\/fila-2-300x176.jpg\" alt=\"\" width=\"300\" height=\"176\" srcset=\"https:\/\/centralmedia.rs\/wp-content\/uploads\/2018\/01\/fila-2-300x176.jpg 300w, https:\/\/centralmedia.rs\/wp-content\/uploads\/2018\/01\/fila-2-768x451.jpg 768w, https:\/\/centralmedia.rs\/wp-content\/uploads\/2018\/01\/fila-2-1024x602.jpg 1024w\" sizes=\"(max-width: 300px) 100vw, 300px\" \/><\/a><\/p>\n<p>Fila: Trenutak kada je postalo ozbiljno jeste dan kada su ljudi po\u010deli na ulici da me zaustavljaju i da me pitaju ozbiljne stvari. Pri\u010dali su kako \u0107e da glasaju za mene, tra\u017eili da im re\u0161im probleme, pominjali su decu, tra\u017eili novac za lekove&#8230; To mi se desilo u Svilajncu, ali i u drugim gradovima Pomoravlja. Oni su \u017eeleli da ru\u0161e lokalnu vlast, da se u\u010dlane u moju stranku, da se svete funkcionerima. To je bila polovina ljudi koji su me susretali, to su bili pravi glasa\u010di. Poku\u0161avao sam da objasnim da je sve parodija i da se rugamo sistemu. Nisu me slu\u0161ali. To me je \u201eotreznilo\u201d.<\/p>\n<p>MV: Stvar je postala ozbiljna, ali ti i dalje nisi verovao da si postao lider sirotinje, i mogu\u0107a pretnja politi\u010darima.<a href=\"https:\/\/centralmedia.rs\/wp-content\/uploads\/2018\/01\/srdjan-filpovic-fila.jpg\"><img loading=\"lazy\" decoding=\"async\" class=\"alignright size-medium wp-image-10905\" src=\"https:\/\/centralmedia.rs\/wp-content\/uploads\/2018\/01\/srdjan-filpovic-fila-300x251.jpg\" alt=\"\" width=\"300\" height=\"251\" srcset=\"https:\/\/centralmedia.rs\/wp-content\/uploads\/2018\/01\/srdjan-filpovic-fila-300x251.jpg 300w, https:\/\/centralmedia.rs\/wp-content\/uploads\/2018\/01\/srdjan-filpovic-fila-768x642.jpg 768w, https:\/\/centralmedia.rs\/wp-content\/uploads\/2018\/01\/srdjan-filpovic-fila.jpg 960w\" sizes=\"(max-width: 300px) 100vw, 300px\" \/><\/a><\/p>\n<p>Fila: Prilazi\u00a0 mi \u017eena na ulici i ka\u017ee: \u201eSve smo se nadali od tebe, ali da zabije\u0161 no\u017e u le\u0111a predsedniku op\u0161tine u Svilajncu&#8230;\u201d Poku\u0161ao sam da objasni da se kandidujem za predsednika Srbije. Ona, me\u0111utim, nastavlja po svome i ka\u017ee da je meni cilj da budem predsednik u Svilajncu. Jedan ugostitelj mi je otkazao lokal za promociju sumnjaju\u0107i da sam mu \u201enavukao\u201d inspekciju. Roditelji su branili deci da u\u010destvuju u mojoj kampanji. Tada mi nije bilo svejedno. Druga polovina koja je kapirala foru bila je sa mnom sve vreme, zbog njih sam sve odradio do kraja. Predao sam glasove Belom Preleta\u010devi\u0107u i uklju\u010dio se u njegovu kampanju.<\/p>\n<p>MV: Kako su kolege politi\u010dari iz Svilajnca reagovale na tvoj uspeh i uspeh Belog?<\/p>\n<figure id=\"attachment_5744\" aria-describedby=\"caption-attachment-5744\" style=\"width: 300px\" class=\"wp-caption alignright\"><a href=\"https:\/\/centralmedia.rs\/wp-content\/uploads\/2016\/12\/fila-6-svilajnca-g.j..jpg\"><img loading=\"lazy\" decoding=\"async\" class=\"size-medium wp-image-5744\" src=\"https:\/\/centralmedia.rs\/wp-content\/uploads\/2016\/12\/fila-6-svilajnca-g.j.-300x225.jpg\" alt=\"fila 6-svilajnca-g.j.\" width=\"300\" height=\"225\" srcset=\"https:\/\/centralmedia.rs\/wp-content\/uploads\/2016\/12\/fila-6-svilajnca-g.j.-300x225.jpg 300w, https:\/\/centralmedia.rs\/wp-content\/uploads\/2016\/12\/fila-6-svilajnca-g.j.-768x576.jpg 768w, https:\/\/centralmedia.rs\/wp-content\/uploads\/2016\/12\/fila-6-svilajnca-g.j.-80x60.jpg 80w, https:\/\/centralmedia.rs\/wp-content\/uploads\/2016\/12\/fila-6-svilajnca-g.j.-265x198.jpg 265w, https:\/\/centralmedia.rs\/wp-content\/uploads\/2016\/12\/fila-6-svilajnca-g.j..jpg 900w\" sizes=\"(max-width: 300px) 100vw, 300px\" \/><\/a><figcaption id=\"caption-attachment-5744\" class=\"wp-caption-text\">Sr\u0111an Fila Filipovi\u0107<\/figcaption><\/figure>\n<p>Fila: Politika je ozbiljna i opasna stvar u Srbiji. Mene su upla\u0161ili pravi glasa\u010di u Srbiji koji su mi prilazili. Ostale stranke u Svilajncu su me na po\u010detku smatrale neozbiljnim, ali kada smo izbrojali glasove, Beli je bio drugi i u jednom trenutku pojavio sam se u Op\u0161tini. Primetio sam da me gledaju drugim o\u010dima, ozbiljnije shvataju, nekako su mi se pribli\u017eili, kao \u201e\u2019de si, Fila\u201d, i sve tu uz mene, kao neka kolegijalnost. Pitali su se da li \u0107u nastaviti da se bavim politikom.<\/p>\n<p>MV: Pomenuo si dve grupe \u201eglasa\u010da\u201d. \u0160ta je sa tre\u0107om?<\/p>\n<p>Fila: Tre\u0107a grupa glasa\u010da, \u201epreleta\u010devi\u0107i\u201d, oni koji su izmenjali sve partije, bili su i najdosadniji. Oni su imali ozbiljan plan da me uvuku u politiku. Oni sve znaju, a ja nemam iskustva. Ve\u0107 su se izabrali na funkcije u mojoj partiji. Sebe sam video kao \u0161aljivd\u017eiju.\u00a0 Ja sam emotivan \u010dovek i mene su pla\u0161ila pitanja sirotinje i radnika. Egzistencijalna pitanja su me proganjala, tra\u017eili su re\u0161enja za decu i bolesne, hranu. Ne bih mogao da ih la\u017eem. Da bi bio politi\u010dar u Srbiji, mora\u0161 da bude\u0161 \u010dovek bez ose\u0107aja ili da isklju\u010di\u0161 ose\u0107aje.<a href=\"https:\/\/centralmedia.rs\/wp-content\/uploads\/2016\/12\/fila-8-svilajnca-g.j..jpg\"><img loading=\"lazy\" decoding=\"async\" class=\"alignright size-medium wp-image-5747\" src=\"https:\/\/centralmedia.rs\/wp-content\/uploads\/2016\/12\/fila-8-svilajnca-g.j.-300x225.jpg\" alt=\"\" width=\"300\" height=\"225\" srcset=\"https:\/\/centralmedia.rs\/wp-content\/uploads\/2016\/12\/fila-8-svilajnca-g.j.-300x225.jpg 300w, https:\/\/centralmedia.rs\/wp-content\/uploads\/2016\/12\/fila-8-svilajnca-g.j.-768x576.jpg 768w, https:\/\/centralmedia.rs\/wp-content\/uploads\/2016\/12\/fila-8-svilajnca-g.j.-80x60.jpg 80w, https:\/\/centralmedia.rs\/wp-content\/uploads\/2016\/12\/fila-8-svilajnca-g.j.-265x198.jpg 265w, https:\/\/centralmedia.rs\/wp-content\/uploads\/2016\/12\/fila-8-svilajnca-g.j..jpg 900w\" sizes=\"(max-width: 300px) 100vw, 300px\" \/><\/a><\/p>\n<p>MV: Da li \u0107e\u0161 i dalje tako grubo da se \u0161ali\u0161?<\/p>\n<p>Fila: Na po\u010detku je bilo sme\u0161no, a posle ozbiljno-tu\u017eno. Ljudi koji nisu ukapirali su pravi glasa\u010di. Sa tim ljudima se mo\u017ee lako manipulisati. Postoje na\u010dini manipulacije. To sam ukapirao, ali nisam takav \u010dovek. Ne bih mogao da spavam, proganjala bi me ta pitanja, jer iz takvog socijalnog miljea poti\u010dem. U budu\u0107nosti to \u0107e da mi koristi za moj posao i da znam sa kim imam posla. Slika mi je \u010dista. Video sam kako se dolazi na vlast i kako funkcioni\u0161e sistem. Mo\u017eda jednog dana, ukoliko se budem toliko pokvario i ose\u0107anja mi otupe, ako postanem lo\u0161 \u010dovek, tada \u0107u mo\u0107i da budem politi\u010dar.\u00a0<a href=\"https:\/\/centralmedia.rs\/wp-content\/uploads\/2016\/12\/fila-1-svilajnca-g.j..jpg\"><img loading=\"lazy\" decoding=\"async\" class=\"alignright size-medium wp-image-5742\" src=\"https:\/\/centralmedia.rs\/wp-content\/uploads\/2016\/12\/fila-1-svilajnca-g.j.-300x225.jpg\" alt=\"\" width=\"300\" height=\"225\" srcset=\"https:\/\/centralmedia.rs\/wp-content\/uploads\/2016\/12\/fila-1-svilajnca-g.j.-300x225.jpg 300w, https:\/\/centralmedia.rs\/wp-content\/uploads\/2016\/12\/fila-1-svilajnca-g.j.-768x576.jpg 768w, https:\/\/centralmedia.rs\/wp-content\/uploads\/2016\/12\/fila-1-svilajnca-g.j.-80x60.jpg 80w, https:\/\/centralmedia.rs\/wp-content\/uploads\/2016\/12\/fila-1-svilajnca-g.j.-265x198.jpg 265w, https:\/\/centralmedia.rs\/wp-content\/uploads\/2016\/12\/fila-1-svilajnca-g.j..jpg 900w\" sizes=\"(max-width: 300px) 100vw, 300px\" \/><\/a><\/p>\n<p>MV: Srpski politi\u010dki sistem obi\u010dne, normalne ljude ne prepoznaje.<\/p>\n<p>Fila: Razotkrio sam i rasformirao srpski politi\u010dki sistem, razlo\u017eio i video da nije za mene kao umetnika. Gra\u0111anima sam pokazao da moraju da se bore za \u017eivot i da niko ne\u0107e da im obezbedi bolji \u017eivot. Pla\u0161i me \u010dinjenica da oni koji to treba da shvate, mislim da jo\u0161 nisu shvatili. Hteo sam da im otvorim o\u010di i nisam uspeo. Meni su se otvorile o\u010di. Napravili smo jo\u0161 goru stvar. Srbija je osu\u0111ena na propast ako se \u010deka Mesija. Svaki pojedinac treba da bori za svoj \u017eivot i svoje mesto.<\/p>\n<p>&nbsp;<\/p>\n","protected":false},"excerpt":{"rendered":"<p>SVILAJNAC \u2013 Sr\u0111an Filipovi\u0107 Fila, kontroverzni umetnik iz Svilajnca, posle uspe\u0161nog izleta u politiku vratio se svom poslu \u2013 ure\u0111uje enterijere ugostiteljskih objekata. Zati\u010demo ga &hellip; <\/p>\n","protected":false},"author":4,"featured_media":10903,"comment_status":"open","ping_status":"open","sticky":false,"template":"","format":"standard","meta":{"footnotes":""},"categories":[1524,2,13,887,12,1517],"tags":[2572,2571,38],"_links":{"self":[{"href":"https:\/\/centralmedia.rs\/index.php\/wp-json\/wp\/v2\/posts\/10902"}],"collection":[{"href":"https:\/\/centralmedia.rs\/index.php\/wp-json\/wp\/v2\/posts"}],"about":[{"href":"https:\/\/centralmedia.rs\/index.php\/wp-json\/wp\/v2\/types\/post"}],"author":[{"embeddable":true,"href":"https:\/\/centralmedia.rs\/index.php\/wp-json\/wp\/v2\/users\/4"}],"replies":[{"embeddable":true,"href":"https:\/\/centralmedia.rs\/index.php\/wp-json\/wp\/v2\/comments?post=10902"}],"version-history":[{"count":1,"href":"https:\/\/centralmedia.rs\/index.php\/wp-json\/wp\/v2\/posts\/10902\/revisions"}],"predecessor-version":[{"id":10906,"href":"https:\/\/centralmedia.rs\/index.php\/wp-json\/wp\/v2\/posts\/10902\/revisions\/10906"}],"wp:featuredmedia":[{"embeddable":true,"href":"https:\/\/centralmedia.rs\/index.php\/wp-json\/wp\/v2\/media\/10903"}],"wp:attachment":[{"href":"https:\/\/centralmedia.rs\/index.php\/wp-json\/wp\/v2\/media?parent=10902"}],"wp:term":[{"taxonomy":"category","embeddable":true,"href":"https:\/\/centralmedia.rs\/index.php\/wp-json\/wp\/v2\/categories?post=10902"},{"taxonomy":"post_tag","embeddable":true,"href":"https:\/\/centralmedia.rs\/index.php\/wp-json\/wp\/v2\/tags?post=10902"}],"curies":[{"name":"wp","href":"https:\/\/api.w.org\/{rel}","templated":true}]}}