{"id":10907,"date":"2018-01-05T14:55:49","date_gmt":"2018-01-05T14:55:49","guid":{"rendered":"http:\/\/centralmedia.rs\/?p=10907"},"modified":"2018-01-05T14:55:49","modified_gmt":"2018-01-05T14:55:49","slug":"paracinska-likovna-umetnica-vasilisa-ivanovic-lovac-bez-mane-straha","status":"publish","type":"post","link":"https:\/\/centralmedia.rs\/index.php\/2018\/01\/05\/paracinska-likovna-umetnica-vasilisa-ivanovic-lovac-bez-mane-straha\/","title":{"rendered":"PARA\u0106INSKA LIKOVNA UMETNICA VASILISA IVANOVI\u0106 &#8211; LOVAC BEZ MANE I STRAHA"},"content":{"rendered":"<p><strong>PARA\u0106IN \u2013 \u017dene-lovci su veoma retka pojava u tom za mu\u0161karce rezervisanom svetu. Jedna od \u201eretkih\u201d je likovna umetnica Vasilisa Ivanovi\u0107 iz Para\u0107ina.\u00a0\u00a0<a href=\"https:\/\/centralmedia.rs\/wp-content\/uploads\/2018\/01\/image.jpeg\"><img loading=\"lazy\" decoding=\"async\" class=\"alignright size-medium wp-image-10909\" src=\"https:\/\/centralmedia.rs\/wp-content\/uploads\/2018\/01\/image-212x300.jpeg\" alt=\"\" width=\"212\" height=\"300\" srcset=\"https:\/\/centralmedia.rs\/wp-content\/uploads\/2018\/01\/image-212x300.jpeg 212w, https:\/\/centralmedia.rs\/wp-content\/uploads\/2018\/01\/image.jpeg 320w\" sizes=\"(max-width: 212px) 100vw, 212px\" \/><\/a><\/strong><\/p>\n<p><strong>MV: Ko je Vasilisa Ivanovi\u0107 \u2013 svestrana umetnica ili lovac? Gde si ti ti i kako miri\u0161 te svetove u sebi, kakva je to metafizika? Sve je to nekako nespojivo, a ipak ide uz tebe.<\/strong><\/p>\n<p>Vasilisa: Uistinu, i ja se to \u010desto pitam. \u010cehov je smatrao da je \u010dovek ono \u0161to veruje, Me\u0161a Selimovi\u0107 da je ono \u0161to \u010dini, Be\u0107kovi\u0107 smatra da je ono \u0161to pamti, a meni bi trebali svakako jo\u0161 neki pisci kako bih po\u010dela da odgonetam ono \u0161to \u010dini moju sr\u017e i bitisanje \u2013 moj \u017eivot. Svako koga Gospodova ruka takne, ima tu sre\u0107u da nosi neki poseban dar ili talenat za muziku, igru, umetnost&#8230; Tako je i u mene usadio zrno stvarala\u010dkog bi\u0107a koje traga za vlastitom sre\u0107om. Zato je meni mnogo lak\u0161e da se baziram na stvarima koje hrane i ispunjavaju moj duh i moje bi\u0107e, negoli na nekakvim definicijama ili ograni\u010denjima kojima su ljudi naj\u010de\u0161\u0107e skloni, pa nam ih dodeljuju radi lak\u0161eg raspoznavanja.\u00a0\u010cesto mi postavljaju to pitanje sa dozom neverice \u2013 kako spajam lov i umetnost, ali samo moje detinjstvo upravo je bilo usko prikovano za prirodu i boravak u njoj, a lovstvo je nekako iznedreno iz prevelike ljubavi prema prirodi i ve\u0107 dobro poznatoj lozi lovd\u017eija sa mamine, kao i sa tatine strane.\u00a0<a href=\"https:\/\/centralmedia.rs\/wp-content\/uploads\/2018\/01\/image-2.jpeg\"><img loading=\"lazy\" decoding=\"async\" class=\"alignright size-medium wp-image-10910\" src=\"https:\/\/centralmedia.rs\/wp-content\/uploads\/2018\/01\/image-2-300x300.jpeg\" alt=\"\" width=\"300\" height=\"300\" srcset=\"https:\/\/centralmedia.rs\/wp-content\/uploads\/2018\/01\/image-2-300x300.jpeg 300w, https:\/\/centralmedia.rs\/wp-content\/uploads\/2018\/01\/image-2-150x150.jpeg 150w, https:\/\/centralmedia.rs\/wp-content\/uploads\/2018\/01\/image-2.jpeg 666w\" sizes=\"(max-width: 300px) 100vw, 300px\" \/><\/a><\/p>\n<p><strong>MV: Kada si po\u010dela da lovi\u0161 i koji je trofej za tebe najzna\u010dajniji? \u0160ta te motivi\u0161e da lovi\u0161?<\/strong><\/p>\n<p>Vasilisa: Interesantno je to da se zapravo i ne se\u0107am koja je ta\u010dno to godina bila jer sam jo\u0161 kao mala \u010desto odlazila sa ocem, dedovima i njihovim prijateljima lovcima u razna lovi\u0161ta, posmatrala sva ta okupljanja pre i posle lova, slu\u0161ala riku jelena i sve mi je to jo\u0161 kao devoj\u010dici bilo fascinantno. Svaki lov, bilo na visoku ili nisku divlja\u010d, podjednako mi je bio uzbudljiv. Malo toga se sada promenilo, moram primetiti. Negde jo\u0161 kao student intenzivnije sam krenula ponovo u obilaske lovi\u0161ta, na razna planinarenja i \u0161etnje \u0161umama. To je deo i na\u010din mog \u017eivota. A jo\u0161 interesantnije je to \u0161to ja upravo tu crpem i dobijam svoju inspiraciju za rad i stvarala\u0161tvo.\u00a0<a href=\"https:\/\/centralmedia.rs\/wp-content\/uploads\/2018\/01\/image-3.jpeg\"><img loading=\"lazy\" decoding=\"async\" class=\"alignright size-medium wp-image-10911\" src=\"https:\/\/centralmedia.rs\/wp-content\/uploads\/2018\/01\/image-3-300x198.jpeg\" alt=\"\" width=\"300\" height=\"198\" srcset=\"https:\/\/centralmedia.rs\/wp-content\/uploads\/2018\/01\/image-3-300x198.jpeg 300w, https:\/\/centralmedia.rs\/wp-content\/uploads\/2018\/01\/image-3-768x508.jpeg 768w, https:\/\/centralmedia.rs\/wp-content\/uploads\/2018\/01\/image-3.jpeg 960w\" sizes=\"(max-width: 300px) 100vw, 300px\" \/><\/a><\/p>\n<p><strong>MV: Uvek je na tvojim fotografijama iz lova u prvom planu oru\u017eje. <\/strong><br \/>\nVasilisa: Oru\u017eje je ono \u0161to na svojevrstan na\u010din opisuje moj karakter i odgovara mom senzibilitetu. Kao \u0161to majstori tragaju za svojim alatom, tako sam se i ja s vremenom opredelila za ono \u0161to mi najvi\u0161e le\u017ei i pa\u0161e kao vatreno oru\u017eje.To je za sada laganija pu\u0161kica, koja je precizna i britka i u koju imam poverenja. Jo\u0161 ve\u0107u ljubav i naklonost gajim prema njoj jer je nasle\u0111ena od mog dede, lovca Bo\u017eidara Tornjanskog. Upravo i ta njegova zaostav\u0161tina zahteva od mene jo\u0161 ve\u0107u obavezu i pozornost kada je nosim.<a href=\"https:\/\/centralmedia.rs\/wp-content\/uploads\/2018\/01\/image-4.jpeg\"><img loading=\"lazy\" decoding=\"async\" class=\"alignright size-medium wp-image-10912\" src=\"https:\/\/centralmedia.rs\/wp-content\/uploads\/2018\/01\/image-4-300x198.jpeg\" alt=\"\" width=\"300\" height=\"198\" srcset=\"https:\/\/centralmedia.rs\/wp-content\/uploads\/2018\/01\/image-4-300x198.jpeg 300w, https:\/\/centralmedia.rs\/wp-content\/uploads\/2018\/01\/image-4-768x508.jpeg 768w, https:\/\/centralmedia.rs\/wp-content\/uploads\/2018\/01\/image-4.jpeg 960w\" sizes=\"(max-width: 300px) 100vw, 300px\" \/><\/a><\/p>\n<p><strong>MV: Ispri\u010daj nam neku lova\u010dku pri\u010du, neku interesantnu zgodu iz lova<\/strong>.<br \/>\nVasilisa: Mogla bih da izdvojim jednu kra\u0107u pri\u010du, kada sam se susrela sa jednim lovcem u \u0161umi. On je bio svakako iznena\u0111en prilikom \u017eene u \u0161umi i odmah obavestio svoje drugare o tom neobi\u010dnom susretu. I kako biva, ta pri\u010da je krenula da cirkuli\u0161e od usta do usta&#8230; A onda sam se, nakon nekog vremena, zatekla na nekoj lova\u010dkoj zabavi gde sam sedela u dru\u0161tvu lovaca, a stariji kolega me je \u010dudno gledao sve vreme i ponovo upitao za ime. Kada sam mu ponovila svoje ime, on je rekao, sav iznena\u0111en: \u201eNemogu\u0107e da si ti ta Vasilisa, ja sam \u010duo da ona ima kosu do zemlje!\u201d Slatko smo se svi nasmejali jer je to tipi\u010dna lova\u010dka pri\u010da \u010diji sam akter voljno ili nevoljno postala (smeh).\u00a0 Drago mi je \u0161to imam svoju grupu sa kojom rado lovim i dru\u017eim se i sa kojom se trudim da lovstvo podignem na vi\u0161i nivo, tako da njima, lovcima iz mog mati\u010dnog udru\u017eenja, Lova\u010dkog udru\u017eenja Para\u0107in, i ostalim lovcima \u0161aljem pozdrav: Dobar pogled!<\/p>\n<p>&nbsp;<\/p>\n<p>&nbsp;<\/p>\n","protected":false},"excerpt":{"rendered":"<p>PARA\u0106IN \u2013 \u017dene-lovci su veoma retka pojava u tom za mu\u0161karce rezervisanom svetu. Jedna od \u201eretkih\u201d je likovna umetnica Vasilisa Ivanovi\u0107 iz Para\u0107ina.\u00a0\u00a0 MV: Ko &hellip; <\/p>\n","protected":false},"author":4,"featured_media":10908,"comment_status":"open","ping_status":"open","sticky":false,"template":"","format":"standard","meta":{"footnotes":""},"categories":[14,1524,2,1516,12],"tags":[2574,2575,2573],"_links":{"self":[{"href":"https:\/\/centralmedia.rs\/index.php\/wp-json\/wp\/v2\/posts\/10907"}],"collection":[{"href":"https:\/\/centralmedia.rs\/index.php\/wp-json\/wp\/v2\/posts"}],"about":[{"href":"https:\/\/centralmedia.rs\/index.php\/wp-json\/wp\/v2\/types\/post"}],"author":[{"embeddable":true,"href":"https:\/\/centralmedia.rs\/index.php\/wp-json\/wp\/v2\/users\/4"}],"replies":[{"embeddable":true,"href":"https:\/\/centralmedia.rs\/index.php\/wp-json\/wp\/v2\/comments?post=10907"}],"version-history":[{"count":1,"href":"https:\/\/centralmedia.rs\/index.php\/wp-json\/wp\/v2\/posts\/10907\/revisions"}],"predecessor-version":[{"id":10913,"href":"https:\/\/centralmedia.rs\/index.php\/wp-json\/wp\/v2\/posts\/10907\/revisions\/10913"}],"wp:featuredmedia":[{"embeddable":true,"href":"https:\/\/centralmedia.rs\/index.php\/wp-json\/wp\/v2\/media\/10908"}],"wp:attachment":[{"href":"https:\/\/centralmedia.rs\/index.php\/wp-json\/wp\/v2\/media?parent=10907"}],"wp:term":[{"taxonomy":"category","embeddable":true,"href":"https:\/\/centralmedia.rs\/index.php\/wp-json\/wp\/v2\/categories?post=10907"},{"taxonomy":"post_tag","embeddable":true,"href":"https:\/\/centralmedia.rs\/index.php\/wp-json\/wp\/v2\/tags?post=10907"}],"curies":[{"name":"wp","href":"https:\/\/api.w.org\/{rel}","templated":true}]}}