{"id":10915,"date":"2018-01-07T20:16:38","date_gmt":"2018-01-07T20:16:38","guid":{"rendered":"http:\/\/centralmedia.rs\/?p=10915"},"modified":"2018-01-07T20:17:37","modified_gmt":"2018-01-07T20:17:37","slug":"pojacanja-za-evropu-trio-iz-kikinde-u-jagodini","status":"publish","type":"post","link":"https:\/\/centralmedia.rs\/index.php\/2018\/01\/07\/pojacanja-za-evropu-trio-iz-kikinde-u-jagodini\/","title":{"rendered":"POJA\u010cANJA ZA EVROPU &#8211; TRIO IZ KIKINDE U JAGODINI"},"content":{"rendered":"<p>JAGODINA-Pred odlu\u010duju\u0107e utakmice u evro i doma\u0107em kupu, te nastavku prvenstva u februaru, uprava jagodinskih rukometa\u0161ica<a href=\"https:\/\/centralmedia.rs\/wp-content\/uploads\/2018\/01\/DSCN8600.jpg\"><img loading=\"lazy\" decoding=\"async\" class=\"alignright size-medium wp-image-10917\" src=\"https:\/\/centralmedia.rs\/wp-content\/uploads\/2018\/01\/DSCN8600-300x225.jpg\" alt=\"\" width=\"300\" height=\"225\" srcset=\"https:\/\/centralmedia.rs\/wp-content\/uploads\/2018\/01\/DSCN8600-300x225.jpg 300w, https:\/\/centralmedia.rs\/wp-content\/uploads\/2018\/01\/DSCN8600-768x576.jpg 768w, https:\/\/centralmedia.rs\/wp-content\/uploads\/2018\/01\/DSCN8600-1024x768.jpg 1024w, https:\/\/centralmedia.rs\/wp-content\/uploads\/2018\/01\/DSCN8600-80x60.jpg 80w, https:\/\/centralmedia.rs\/wp-content\/uploads\/2018\/01\/DSCN8600-265x198.jpg 265w\" sizes=\"(max-width: 300px) 100vw, 300px\" \/><\/a> odlu\u010dila je da poja\u010da konkurenciju u ekipi dovo\u0111enjem ,,trija&#8221; iz Kikinde. Re\u010d je o rukometa\u0161icama \u00a0beku Ivani Mitrovi\u0107 i golmanki Jeleni \u0110ura\u0161inovi\u0107, kao i treneru Draganu Markovu. Ina\u010de, Markov je 2014. godine predvodio rukometa\u0161ice Jagodine kada je osvojen Kup Srbije, \u0161to je najve\u0107i uspeh tog kluba. \u00a0Rukometa\u0161ice su 3. februara doma\u0107ini u utakmici protiv Zagnosspora iz Trabzona u Turskoj u evrokupu,\u00a0 a nedelju dana kasnije je revan\u0161.<\/p>\n","protected":false},"excerpt":{"rendered":"<p>JAGODINA-Pred odlu\u010duju\u0107e utakmice u evro i doma\u0107em kupu, te nastavku prvenstva u februaru, uprava jagodinskih rukometa\u0161ica odlu\u010dila je da poja\u010da konkurenciju u ekipi dovo\u0111enjem ,,trija&#8221; &hellip; <\/p>\n","protected":false},"author":4,"featured_media":10916,"comment_status":"open","ping_status":"open","sticky":false,"template":"","format":"standard","meta":{"footnotes":""},"categories":[1524,2,1514,21],"tags":[2577,2578,2576],"_links":{"self":[{"href":"https:\/\/centralmedia.rs\/index.php\/wp-json\/wp\/v2\/posts\/10915"}],"collection":[{"href":"https:\/\/centralmedia.rs\/index.php\/wp-json\/wp\/v2\/posts"}],"about":[{"href":"https:\/\/centralmedia.rs\/index.php\/wp-json\/wp\/v2\/types\/post"}],"author":[{"embeddable":true,"href":"https:\/\/centralmedia.rs\/index.php\/wp-json\/wp\/v2\/users\/4"}],"replies":[{"embeddable":true,"href":"https:\/\/centralmedia.rs\/index.php\/wp-json\/wp\/v2\/comments?post=10915"}],"version-history":[{"count":2,"href":"https:\/\/centralmedia.rs\/index.php\/wp-json\/wp\/v2\/posts\/10915\/revisions"}],"predecessor-version":[{"id":10919,"href":"https:\/\/centralmedia.rs\/index.php\/wp-json\/wp\/v2\/posts\/10915\/revisions\/10919"}],"wp:featuredmedia":[{"embeddable":true,"href":"https:\/\/centralmedia.rs\/index.php\/wp-json\/wp\/v2\/media\/10916"}],"wp:attachment":[{"href":"https:\/\/centralmedia.rs\/index.php\/wp-json\/wp\/v2\/media?parent=10915"}],"wp:term":[{"taxonomy":"category","embeddable":true,"href":"https:\/\/centralmedia.rs\/index.php\/wp-json\/wp\/v2\/categories?post=10915"},{"taxonomy":"post_tag","embeddable":true,"href":"https:\/\/centralmedia.rs\/index.php\/wp-json\/wp\/v2\/tags?post=10915"}],"curies":[{"name":"wp","href":"https:\/\/api.w.org\/{rel}","templated":true}]}}