{"id":10931,"date":"2018-01-12T12:19:14","date_gmt":"2018-01-12T12:19:14","guid":{"rendered":"http:\/\/centralmedia.rs\/?p=10931"},"modified":"2018-01-12T12:19:58","modified_gmt":"2018-01-12T12:19:58","slug":"srpska-nova-godina","status":"publish","type":"post","link":"https:\/\/centralmedia.rs\/index.php\/2018\/01\/12\/srpska-nova-godina\/","title":{"rendered":"SRPSKA NOVA GODINA"},"content":{"rendered":"<p>Za do\u010dek Srpske Nove godine u Aran\u0111elovcu \u0107e nastupiti Riblja \u010dorba, u Vrnja\u010dkoj Banji  Marija \u0160erifovi\u0107, a u Kragujevcu Kerber. Koncerti se dor\u017eavaju 13. januara i po\u010dinju posle 22 sata. <\/p>\n","protected":false},"excerpt":{"rendered":"<p>Za do\u010dek Srpske Nove godine u Aran\u0111elovcu \u0107e nastupiti Riblja \u010dorba, u Vrnja\u010dkoj Banji Marija \u0160erifovi\u0107, a u Kragujevcu Kerber. Koncerti se dor\u017eavaju 13. januara &hellip; <\/p>\n","protected":false},"author":4,"featured_media":10932,"comment_status":"open","ping_status":"open","sticky":false,"template":"","format":"standard","meta":{"footnotes":""},"categories":[2,16,12],"tags":[2584,2582,2583],"_links":{"self":[{"href":"https:\/\/centralmedia.rs\/index.php\/wp-json\/wp\/v2\/posts\/10931"}],"collection":[{"href":"https:\/\/centralmedia.rs\/index.php\/wp-json\/wp\/v2\/posts"}],"about":[{"href":"https:\/\/centralmedia.rs\/index.php\/wp-json\/wp\/v2\/types\/post"}],"author":[{"embeddable":true,"href":"https:\/\/centralmedia.rs\/index.php\/wp-json\/wp\/v2\/users\/4"}],"replies":[{"embeddable":true,"href":"https:\/\/centralmedia.rs\/index.php\/wp-json\/wp\/v2\/comments?post=10931"}],"version-history":[{"count":2,"href":"https:\/\/centralmedia.rs\/index.php\/wp-json\/wp\/v2\/posts\/10931\/revisions"}],"predecessor-version":[{"id":10934,"href":"https:\/\/centralmedia.rs\/index.php\/wp-json\/wp\/v2\/posts\/10931\/revisions\/10934"}],"wp:featuredmedia":[{"embeddable":true,"href":"https:\/\/centralmedia.rs\/index.php\/wp-json\/wp\/v2\/media\/10932"}],"wp:attachment":[{"href":"https:\/\/centralmedia.rs\/index.php\/wp-json\/wp\/v2\/media?parent=10931"}],"wp:term":[{"taxonomy":"category","embeddable":true,"href":"https:\/\/centralmedia.rs\/index.php\/wp-json\/wp\/v2\/categories?post=10931"},{"taxonomy":"post_tag","embeddable":true,"href":"https:\/\/centralmedia.rs\/index.php\/wp-json\/wp\/v2\/tags?post=10931"}],"curies":[{"name":"wp","href":"https:\/\/api.w.org\/{rel}","templated":true}]}}