{"id":10951,"date":"2018-01-20T09:07:31","date_gmt":"2018-01-20T09:07:31","guid":{"rendered":"http:\/\/centralmedia.rs\/?p=10951"},"modified":"2018-01-21T15:46:22","modified_gmt":"2018-01-21T15:46:22","slug":"otvorena-kancelarija-psg-u-jagodini-nikad-necemo-sklapati-pakt-sa-djavolom","status":"publish","type":"post","link":"https:\/\/centralmedia.rs\/index.php\/2018\/01\/20\/otvorena-kancelarija-psg-u-jagodini-nikad-necemo-sklapati-pakt-sa-djavolom\/","title":{"rendered":"OTVORENA KANCELARIJA PSG U JAGODINI &#8211; NIKAD NE\u0106EMO SKLAPATI PAKT SA \u0110AVOLOM"},"content":{"rendered":"<p>JAGODINA-Predsednik Pokreta slobodnih gra\u0111ana Sa\u0161a Jankovi\u0107 i predsednik IO tog pokreta Milo\u0161 Markovi\u0107 prisustvovali su u petak uve\u010de otvaranju \u00a0Kancelarije tog pokreta u Jagodini. Nekoliko desetina pristalica i simpatizera do\u010dekalo je Jankovi\u0107a ispred kancelarije \u00a0u Tr\u017enim centru \u017dir u Jagodini. Skup je po\u010deo odavanjem po\u010dasti i minutom \u0107utanja zbog ubistva Olivera Ivanovi\u0107a.<a href=\"https:\/\/centralmedia.rs\/wp-content\/uploads\/2018\/01\/psg-u-jagodini.jpg\"><img loading=\"lazy\" decoding=\"async\" class=\"alignright size-medium wp-image-10953\" src=\"https:\/\/centralmedia.rs\/wp-content\/uploads\/2018\/01\/psg-u-jagodini-300x207.jpg\" alt=\"\" width=\"300\" height=\"207\" srcset=\"https:\/\/centralmedia.rs\/wp-content\/uploads\/2018\/01\/psg-u-jagodini-300x207.jpg 300w, https:\/\/centralmedia.rs\/wp-content\/uploads\/2018\/01\/psg-u-jagodini-768x529.jpg 768w, https:\/\/centralmedia.rs\/wp-content\/uploads\/2018\/01\/psg-u-jagodini-100x70.jpg 100w, https:\/\/centralmedia.rs\/wp-content\/uploads\/2018\/01\/psg-u-jagodini-218x150.jpg 218w, https:\/\/centralmedia.rs\/wp-content\/uploads\/2018\/01\/psg-u-jagodini.jpg 900w\" sizes=\"(max-width: 300px) 100vw, 300px\" \/><\/a><\/p>\n<p>&#8211; Vide\u0107ete, ne\u0107e mnogo pro\u0107i a u Srbiju \u0107e do\u0107i ozbiljna vlast. Ni zapad vi\u0161e ne\u0107e da \u017emuri, svi znaju \u0161ta se de\u0161ava. Na\u0161a du\u017enost je kada oni udare u zemlju, a taj udarac \u0107e da bude gromoglasan, moramo biti spremni da ova zemlja istog momenta po\u010dne da funkcioni\u0161e kako treba. Ne smemo \u010dekati, moramo znati ko je sposoban me\u0111u nama da vodi ovaj grad, regiju, Srbiju&#8230;ne smemo se ve\u017ebati na dr\u017eavi. Treba indetifikovati ljude koji su sposobni da naprave pozitivne promene. Budite spremni, koliko sutra, da Jagodina funkcioni\u0161e kako treba, ja \u0107u se postarati za Srbiju, rekao je Jankovi\u0107.<a href=\"https:\/\/centralmedia.rs\/wp-content\/uploads\/2018\/01\/psg-u-jagodini-1.jpg\"><img loading=\"lazy\" decoding=\"async\" class=\"alignright size-medium wp-image-10954\" src=\"https:\/\/centralmedia.rs\/wp-content\/uploads\/2018\/01\/psg-u-jagodini-1-300x155.jpg\" alt=\"\" width=\"300\" height=\"155\" srcset=\"https:\/\/centralmedia.rs\/wp-content\/uploads\/2018\/01\/psg-u-jagodini-1-300x155.jpg 300w, https:\/\/centralmedia.rs\/wp-content\/uploads\/2018\/01\/psg-u-jagodini-1-768x396.jpg 768w, https:\/\/centralmedia.rs\/wp-content\/uploads\/2018\/01\/psg-u-jagodini-1.jpg 900w\" sizes=\"(max-width: 300px) 100vw, 300px\" \/><\/a><\/p>\n<p>Sr\u0111an Petrovi\u0107, jedan od osniva\u010da PSG, u ime organizatora skupa, a povodom otvaranja Kancelarije PSG u Jagodini pozdravio je okupljene i posebno apostrofirao rad medija u tom gradu.<\/p>\n<p>-Mrak, pre svega medijski, vlada Jagodinom ve\u0107 14 godina. Ukoliko ne preduzemo ne\u0161to, mladi ljudi odrasli u ovom sistemu, koji nije normalan nipo\u010demu, shvati\u0107e ga kao normalan. Zato smo mi tu da uradimo sve \u0161to je u na\u0161oj mo\u0107i da mladi rastu u normalnom sistemu. Svedoci smo brojnih zloupotreba, ne sme ni jedan druga\u010dji stav da se \u010duje, ne sme da se uputi kritika. Oni koji ponekad dignu glas nazivaju se Jankovi\u0107evim, Jeremi\u0107evim ili poslu\u0161nicima zlih ljudi. Novinar koji se usudi da napi\u0161re ne\u0161to \u0161to nije po volji doma\u0107ina ovog grada on se progla\u0161ava reketa\u0161em i ucenjiva\u010dem, rekao je Petrovi\u0107.<\/p>\n<figure id=\"attachment_10955\" aria-describedby=\"caption-attachment-10955\" style=\"width: 300px\" class=\"wp-caption alignright\"><a href=\"https:\/\/centralmedia.rs\/wp-content\/uploads\/2018\/01\/psg-u-jagodini-2.jpg\"><img loading=\"lazy\" decoding=\"async\" class=\"size-medium wp-image-10955\" src=\"https:\/\/centralmedia.rs\/wp-content\/uploads\/2018\/01\/psg-u-jagodini-2-300x207.jpg\" alt=\"\" width=\"300\" height=\"207\" srcset=\"https:\/\/centralmedia.rs\/wp-content\/uploads\/2018\/01\/psg-u-jagodini-2-300x207.jpg 300w, https:\/\/centralmedia.rs\/wp-content\/uploads\/2018\/01\/psg-u-jagodini-2-768x531.jpg 768w, https:\/\/centralmedia.rs\/wp-content\/uploads\/2018\/01\/psg-u-jagodini-2-100x70.jpg 100w, https:\/\/centralmedia.rs\/wp-content\/uploads\/2018\/01\/psg-u-jagodini-2-218x150.jpg 218w, https:\/\/centralmedia.rs\/wp-content\/uploads\/2018\/01\/psg-u-jagodini-2.jpg 900w\" sizes=\"(max-width: 300px) 100vw, 300px\" \/><\/a><figcaption id=\"caption-attachment-10955\" class=\"wp-caption-text\">PSG Tim za Jagodinu<\/figcaption><\/figure>\n<p>PSG zahteva da jagodinski re\u017eim polo\u017ei ra\u010dune za tro\u0161nje novca gra\u0111ana, odnosno bud\u017eeta koji oni pune stalnim pove\u0107anjem poreza.<\/p>\n<p>-Nedavno je\u00a0 Dr\u017eavna revizorska institucija dala izve\u0161taj po kome je skoro milijardu dinara gradskog bud\u017eeta potro\u0161eno nezakonito i nepropisno. U kojoj dr\u017eavi i gradu Evrope gradona\u010delnik, predsednik skup\u0161tine, lokalni rukovodilac, a ovaj ovde je sve to, mo\u017ee da tro\u0161i na takav na\u010din bud\u017eet i da sve to bude normalno ili \u0107e to ko i sve drugo da stoji u fiokama i da se upotrebi kada treba, istakao je Petrovi\u0107.<\/p>\n<p>On je pozvao jagodinske mo\u0107nike i doma\u0107ine da ka\u017eu, ako znaju, ko su nalogodavci i izvr\u0161ioci ubistva novinara Milana Panti\u0107a.<\/p>\n<p>-Ovaj na\u0161 lokalni mo\u0107nik, doma\u0107in, dozvoljava sebi da ljude progla\u0161ava ubicama, odnosno da slu\u010dajeve koji su re\u0161eni od nadle\u017enih dr\u017eavnih organa tuma\u010di na svoj na\u010din. Bolje bi mu bilo da gra\u0111anima Jagodine ka\u017ee, ako zna, ko je inspirator, organizator, ko je nalogodavac i izvr\u0161ilac ubistva novinara Milana Panti\u0107a. Svi su zaboravili\u00a0 Milana Panti\u0107a, a on zna ko je koga ubio u nekom stanu, navodi Petrovi\u0107.<\/p>\n<p>Na skupu je re\u010deno da \u0107e PSG \u0107e u Jagodini i Pomoravlju da postavlja pitanja ovoj vlasti.<\/p>\n<p>-Svesni smo rizika, ali znamo da radimo pravu stvar. Postavlja\u0107emo pitanja lokalnim vlastima, ali dava\u0107emo i odgovore gra\u0111anima. Nemamo po dve, tri hiljade dinara da dajemo gra\u0111anima i da tako re\u0161imo njihove muke, ali \u0107emo razgovarati u kancelariji i slu\u0161ati njihove probleme. Kada budemo vr\u0161ili vlast onda \u0107emo oblast socijalne za\u0161tite urediti na zakonit na\u010din, a ne kako kome padne napamet i da to koristi u propagandne svrhe. Pitanje je ko je gra\u0111ane doveo do siroma\u0161tva u poslednjih 14 godina, ali i devedesetih. Neko se sistematski godinama bogatio, a gra\u0111ani su siroma\u0161ili. Formira\u0107emo tim za projekte, koji \u0107e da osmi\u0161ljava projekte i re\u0161ava probleme gra\u0111ana u Jagodini i Pomoravlju, najavio je Petrovi\u0107.<\/p>\n<p>Poverenica PSG za Pomoravlje Ana Jovanovi\u0107 kazala je da je najzaslu\u017eniji za otvaranje Kancelarije poverenik za Jagodinu Dragoljub Repanovi\u0107, koji je ulo\u017eio mnogo truda, energije i para da bi se ostvario po\u010detni mali korak.<\/p>\n<figure id=\"attachment_10956\" aria-describedby=\"caption-attachment-10956\" style=\"width: 194px\" class=\"wp-caption alignright\"><a href=\"https:\/\/centralmedia.rs\/wp-content\/uploads\/2018\/01\/ana-jovanovic.jpg\"><img loading=\"lazy\" decoding=\"async\" class=\"size-medium wp-image-10956\" src=\"https:\/\/centralmedia.rs\/wp-content\/uploads\/2018\/01\/ana-jovanovic-194x300.jpg\" alt=\"\" width=\"194\" height=\"300\" srcset=\"https:\/\/centralmedia.rs\/wp-content\/uploads\/2018\/01\/ana-jovanovic-194x300.jpg 194w, https:\/\/centralmedia.rs\/wp-content\/uploads\/2018\/01\/ana-jovanovic.jpg 582w\" sizes=\"(max-width: 194px) 100vw, 194px\" \/><\/a><figcaption id=\"caption-attachment-10956\" class=\"wp-caption-text\">Poverenica PSG za Pomoravlje Ana Jovanovi\u0107<\/figcaption><\/figure>\n<p>-Jagodina je nekada bio slobodarski grad. Na lokalnim izborima 1996. godine, bili smo jedan od retkih gradova koji je pobedio Milo\u0161evi\u0107a. Danas je Jagodina jedan od gradova u Srbiji u kojima su na snazi srednjovekovni \u00a0principi vladavine. Ovde opozicije nema, navela je ona.<\/p>\n<p>Ana Jovanovi\u0107 je dodala da je ,,Palma ostvario Vu\u010di\u0107ev san i ugu\u0161io svaki glas razuma, svako druga\u010dije mi\u0161ljenje&#8221;.<\/p>\n<p>-Ovo je grad u kome sve odluke donosi jedan \u010dovek, jednoglasno, za nekoliko minuta, bez rasprave, bez obrazlo\u017eenja. To nije normalno, ali to nije sve. Kao da nije dovoljna tolika mo\u0107 i prevlast, pa iz Jagodine odlaze slike javnog deljenja socijalne pomo\u0107i pred kamerama, da svi vide i \u010duju kako narod \u017eivi na ivici egzistencije i kako jedan \u010dovek na licu mesta re\u0161ava njihove probleme. To nije samo vid besprizorne politi\u010dke promocije, to je pre svega potreba autokrate i silinika da svoje gra\u0111ane i gra\u0111anke, koje on do\u017eivljava kao podanike dodatno ponizi i uvredi, nanese bol i sramotu, pojasnila je ona.<\/p>\n<p>-Ono \u0161to mi mo\u017eemo da obe\u0107amo, to je da \u0107emo se svuda i na svaki na\u010din odupirati ovom zlu koje nas je sna\u0161lo, da nikada ne\u0107emo sklapati pakt sa \u0111avolom i da \u0107emo se truditi da zastupamo interese onih Jagodinki i Jagodinaca koji \u017eele da \u017eive u pristojnom i ure\u0111eniom gradu. U nadi da \u0107emo \u017eiveti u gradu koji ne\u0107e voditi najgori me\u0111u nama, pozivam vas da se pridru\u017eite u toj borbi, zaklju\u010dila je Ana Jovanovi\u0107.<\/p>\n","protected":false},"excerpt":{"rendered":"<p>JAGODINA-Predsednik Pokreta slobodnih gra\u0111ana Sa\u0161a Jankovi\u0107 i predsednik IO tog pokreta Milo\u0161 Markovi\u0107 prisustvovali su u petak uve\u010de otvaranju \u00a0Kancelarije tog pokreta u Jagodini. Nekoliko &hellip; <\/p>\n","protected":false},"author":4,"featured_media":10952,"comment_status":"open","ping_status":"open","sticky":false,"template":"","format":"standard","meta":{"footnotes":""},"categories":[1524,2,1514,13,12],"tags":[58,949,2587,243],"_links":{"self":[{"href":"https:\/\/centralmedia.rs\/index.php\/wp-json\/wp\/v2\/posts\/10951"}],"collection":[{"href":"https:\/\/centralmedia.rs\/index.php\/wp-json\/wp\/v2\/posts"}],"about":[{"href":"https:\/\/centralmedia.rs\/index.php\/wp-json\/wp\/v2\/types\/post"}],"author":[{"embeddable":true,"href":"https:\/\/centralmedia.rs\/index.php\/wp-json\/wp\/v2\/users\/4"}],"replies":[{"embeddable":true,"href":"https:\/\/centralmedia.rs\/index.php\/wp-json\/wp\/v2\/comments?post=10951"}],"version-history":[{"count":3,"href":"https:\/\/centralmedia.rs\/index.php\/wp-json\/wp\/v2\/posts\/10951\/revisions"}],"predecessor-version":[{"id":10959,"href":"https:\/\/centralmedia.rs\/index.php\/wp-json\/wp\/v2\/posts\/10951\/revisions\/10959"}],"wp:featuredmedia":[{"embeddable":true,"href":"https:\/\/centralmedia.rs\/index.php\/wp-json\/wp\/v2\/media\/10952"}],"wp:attachment":[{"href":"https:\/\/centralmedia.rs\/index.php\/wp-json\/wp\/v2\/media?parent=10951"}],"wp:term":[{"taxonomy":"category","embeddable":true,"href":"https:\/\/centralmedia.rs\/index.php\/wp-json\/wp\/v2\/categories?post=10951"},{"taxonomy":"post_tag","embeddable":true,"href":"https:\/\/centralmedia.rs\/index.php\/wp-json\/wp\/v2\/tags?post=10951"}],"curies":[{"name":"wp","href":"https:\/\/api.w.org\/{rel}","templated":true}]}}