{"id":10976,"date":"2018-01-26T10:42:57","date_gmt":"2018-01-26T10:42:57","guid":{"rendered":"http:\/\/centralmedia.rs\/?p=10976"},"modified":"2018-01-26T10:43:34","modified_gmt":"2018-01-26T10:43:34","slug":"u-svilajncackom-centru-za-kulturu-pretpermijera-kabarea-basara","status":"publish","type":"post","link":"https:\/\/centralmedia.rs\/index.php\/2018\/01\/26\/u-svilajncackom-centru-za-kulturu-pretpermijera-kabarea-basara\/","title":{"rendered":"U SVILAJNA\u010cKOM CENTRU ZA KULTURU &#8211; PRETPREMIJERA ,,KABAREA BASARA&#8221;"},"content":{"rendered":"<p>SVILAJNAC-Srpska premijera ,,Kabare Basara\u201c, po tekstu Svetislava Basare, koji je adaptirao i re\u017eirao Irfan Mensur,odr\u017eana je u \u010detvrtak uve\u010de u svilajna\u010dkom Centru za kulturu.<a href=\"https:\/\/centralmedia.rs\/wp-content\/uploads\/2018\/01\/kabare-1.jpg\"><img loading=\"lazy\" decoding=\"async\" class=\"alignright size-medium wp-image-10978\" src=\"https:\/\/centralmedia.rs\/wp-content\/uploads\/2018\/01\/kabare-1-300x196.jpg\" alt=\"\" width=\"300\" height=\"196\" srcset=\"https:\/\/centralmedia.rs\/wp-content\/uploads\/2018\/01\/kabare-1-300x196.jpg 300w, https:\/\/centralmedia.rs\/wp-content\/uploads\/2018\/01\/kabare-1-768x503.jpg 768w, https:\/\/centralmedia.rs\/wp-content\/uploads\/2018\/01\/kabare-1.jpg 900w\" sizes=\"(max-width: 300px) 100vw, 300px\" \/><\/a><\/p>\n<p>-Tradicija je da u Svilajncu igramo pretpremijeru u ovoj sali, pred publikom koja je navikla na moje predstave. Imamo srpskog Orvela, koji se zove Svetislav Basara. Cela predstava je po\u010detak i kraj televizijskog dnevnika 2084. godine. To je jedna bajka, koja je skoro nemogu\u0107a, jer ko zna \u0161ta \u0107e doga\u0111ati u dnevniku 2084. godine , ko zna \u0161ta je Basara smislio da \u0107e se pri\u010dati, eventualno, u dnevniku tada. Kako \u0107emo do publike dobaciti tv dnevnik ne znam, ali publika je navikla da ga gleda dnevnike pa \u0107e gledati i nas. Vesti su iritantne, mo\u017eda bolje, mo\u017eda lo\u0161ije od ovih dana\u0161njih. Ne \u017eelim da otkrivam publici u Srbiji i regionu \u0161ta \u0107e se doga\u0111ati 2084. godine, rekao je reditelj i akter predstave Irfan Mensur.<\/p>\n<p>U predstavi Neda Arneri\u0107, Boda Ninkovi\u0107 i Irfan Mensur vode televizijski dnevnik, u ne tako dalekoj budu\u0107nosti 2084. godine, a u program se uklju\u010duju komentatori i analiti\u010dari: Predrag Ejdus, Rada \u0110uri\u010din, Zijah Sokolovi\u0107 i Sr\u0111an Timarov. Autor muzi\u010dke \u0161pice je Aleksandar Sanja Ili\u0107.<\/p>\n<p>-Obavestili smo Dragana Petrovi\u0107a Peleta da smo stigli u Svilajnac, kao i pre 13 meseci kada smo pretpremijerno igrali ,,Hor be\u010dkih de\u010daka&#8221; u tom gradu, ponovili ritual i razgovarali sa njim. Po\u017eeleo nam je sre\u0107u i rekao da ,,slomimo nogu&#8221;. Ina\u010de, nema razlike razilke izme\u0111u nekada\u0161njeg i sada\u0161njeg stanja u kulutri. Razlika je u li\u010dnom do\u017eivljaju, odnosno kulutura nikada ne sme da bude zadovoljna. Kulturni radnici ne smeju da budu zadovljni, kreativni ljudi nikada ne smeju da budu zadovoljni. Oni uvek moraju da budu oportuni, jer je to njihova du\u017enost. Pre \u0107u re\u0107i da je uvek bilo lo\u0161e, nego da je nekada bilo dobro, a danas lo\u0161e. Ho\u0107u, i uvek sam \u017eeleo da bude bolje. Svakog dana ho\u0107u da mislim da mo\u017ee bolje, pa bilo dobro ili lo\u0161e. To je realnost i du\u017enost kreativnih ljudi, ka\u017ee Mensur.<\/p>\n<p>Uloga Nede Arneri\u0107 u predstavi je voditelj dnevnika, ali u kada bi u stvarnosti to radila kazala je da bi se odlu\u010dila za vremensku prognozu.<\/p>\n<p>-Nekako mi vi\u0161e prija da mi ka\u017eu legenda jugoslovenske scene. Nisam jugonostalgi\u010dna, ali jo\u0161 uvek radim u celoj biv\u0161oj dr\u017eavi i vezana sam za nju kroz prijatelje i posao, tako da za mene ne postoje granice. Ja ka\u017eem da sam gluma\u010dka legenda sa Balkana. Predstava se doga\u0111a 2084. godine. Stra\u0161no se bojim da \u0107e problemi biti isti kao i danas. Basarina duhovitost i predvi\u0111anje budu\u0107nosti sve se vi\u0161e bojim da se ne ostvare. Ali to je komi\u010dno i ne treba da nas brine, ko se sna\u0161ao sna\u0161ao se, ko nije oti\u0161ao je iz zemlje. Mi \u0107emo ovde uvek da se sna\u0111emo, jer su Srbi snala\u017eljivi. Predstava je komi\u010dna, odnosno kazuje dokle sve mo\u017ee da dovede pri\u010da koja je danas malo tragi\u010dna ali ako se razvu\u010de na slede\u0107i dvadesetak godina bi\u0107e tragikomi\u010dna, pri\u010da Neda Arneri\u0107.<\/p>\n<p>-O\u010dekujem da se publika smeje, pravim istinskim, smehom prepoznavanja. Ima dosta asocijacija. Kao \u0161to su Domanovi\u0107 i Nu\u0161i\u0107 davno pisali, pa se sada \u010dudimo sami sebi, tako sada Basarino vi\u0111enje 2084., mi se nadamo da tako ne\u0107e biti, ali za svaki slu\u010daj da ga ponudimo. Tema je bliska ljudima samo \u0161to je razvijena malo, sa Orvelovom smo bili \u0161okirani i nismo verovali, ne verujemo ni sada da \u0107e biti ovako, ka\u017ee Boda Ninkovi\u0107<\/p>\n<p>Beogradasko premijerno izvo\u0111enje \u201eKabare Basara\u201c bi\u0107e odr\u017eano 27. januara u Pozori\u0161tu Slavija u 20 sati.<\/p>\n","protected":false},"excerpt":{"rendered":"<p>SVILAJNAC-Srpska premijera ,,Kabare Basara\u201c, po tekstu Svetislava Basare, koji je adaptirao i re\u017eirao Irfan Mensur,odr\u017eana je u \u010detvrtak uve\u010de u svilajna\u010dkom Centru za kulturu. -Tradicija &hellip; <\/p>\n","protected":false},"author":4,"featured_media":10977,"comment_status":"open","ping_status":"open","sticky":false,"template":"","format":"standard","meta":{"footnotes":""},"categories":[1524,2,15,12,1517],"tags":[2593,38],"_links":{"self":[{"href":"https:\/\/centralmedia.rs\/index.php\/wp-json\/wp\/v2\/posts\/10976"}],"collection":[{"href":"https:\/\/centralmedia.rs\/index.php\/wp-json\/wp\/v2\/posts"}],"about":[{"href":"https:\/\/centralmedia.rs\/index.php\/wp-json\/wp\/v2\/types\/post"}],"author":[{"embeddable":true,"href":"https:\/\/centralmedia.rs\/index.php\/wp-json\/wp\/v2\/users\/4"}],"replies":[{"embeddable":true,"href":"https:\/\/centralmedia.rs\/index.php\/wp-json\/wp\/v2\/comments?post=10976"}],"version-history":[{"count":3,"href":"https:\/\/centralmedia.rs\/index.php\/wp-json\/wp\/v2\/posts\/10976\/revisions"}],"predecessor-version":[{"id":10981,"href":"https:\/\/centralmedia.rs\/index.php\/wp-json\/wp\/v2\/posts\/10976\/revisions\/10981"}],"wp:featuredmedia":[{"embeddable":true,"href":"https:\/\/centralmedia.rs\/index.php\/wp-json\/wp\/v2\/media\/10977"}],"wp:attachment":[{"href":"https:\/\/centralmedia.rs\/index.php\/wp-json\/wp\/v2\/media?parent=10976"}],"wp:term":[{"taxonomy":"category","embeddable":true,"href":"https:\/\/centralmedia.rs\/index.php\/wp-json\/wp\/v2\/categories?post=10976"},{"taxonomy":"post_tag","embeddable":true,"href":"https:\/\/centralmedia.rs\/index.php\/wp-json\/wp\/v2\/tags?post=10976"}],"curies":[{"name":"wp","href":"https:\/\/api.w.org\/{rel}","templated":true}]}}