{"id":10982,"date":"2018-01-26T14:56:28","date_gmt":"2018-01-26T14:56:28","guid":{"rendered":"http:\/\/centralmedia.rs\/?p=10982"},"modified":"2018-01-26T14:56:50","modified_gmt":"2018-01-26T14:56:50","slug":"posle-15-godina-u-svilajncu-otvorena-klanica","status":"publish","type":"post","link":"https:\/\/centralmedia.rs\/index.php\/2018\/01\/26\/posle-15-godina-u-svilajncu-otvorena-klanica\/","title":{"rendered":"POSLE 15 GODINA U SVILAJNCU &#8211; OTVORENA KLANICA"},"content":{"rendered":"<p>SVILAJNAC-Posle 15 godina u Svilajncu je otvorena klanica u vlasni\u0161tvu bra\u0107e Slavi\u0161e i Radomira Nikoli\u0107a. Klanica je jedina u regionu za uslu\u017eno klanje stoke i kapacitet je 50 svinja i 10 goveda, kao i 500 kilograma prera\u0111evina.<a href=\"https:\/\/centralmedia.rs\/wp-content\/uploads\/2018\/01\/klanica-1.jpg\"><img loading=\"lazy\" decoding=\"async\" class=\"alignright size-medium wp-image-10984\" src=\"https:\/\/centralmedia.rs\/wp-content\/uploads\/2018\/01\/klanica-1-300x198.jpg\" alt=\"\" width=\"300\" height=\"198\" srcset=\"https:\/\/centralmedia.rs\/wp-content\/uploads\/2018\/01\/klanica-1-300x198.jpg 300w, https:\/\/centralmedia.rs\/wp-content\/uploads\/2018\/01\/klanica-1-768x507.jpg 768w, https:\/\/centralmedia.rs\/wp-content\/uploads\/2018\/01\/klanica-1.jpg 900w\" sizes=\"(max-width: 300px) 100vw, 300px\" \/><\/a><\/p>\n<p>-Op\u0161tina je donela odluku da posle 15 godina ovaj objekat stavi u funkciju. Objekat je prodat bra\u0107i Nikoli\u0107, koji su obnovili klanicu i kupili novu opremu, dobijene su neophodne dozvole. benfiti su da \u0107e biti zaposlen odre\u0111en broj radnika, bi\u0107e pla\u0107an porez. U\u010denici Poljoprivredno-veterinarske \u0161kole obavlja\u0107e praksu u ovim pogonima, ve\u0107 je sklopljen ugovor o tome. Svilajnac je sto\u010darski kraj, imamo najbolje govedarstvo u Srbiji. Ranije su sto\u010dari bili ucenjivani od trgovaca. Garanat sam da \u0107e sve \u0161to bude kupljeno od stoke biti i pla\u0107eno. Klanica je bitna za region, rekao je predsednik op\u0161tine Predrag Milanovi\u0107.<\/p>\n<p>Jedan od vlasnika Radomir Nikoli\u0107 istakao da su ve\u0107 upo\u0161ljeni najbolji u\u010denici Poljoprivredno-veterinarske \u0161kole.<\/p>\n<p>-Saradnja sa op\u0161tinom je doprinela da preuzmemo klanicu. Njihova ideja je bila da za\u017eivi klanica, kao i da se napravi saradnja sa \u0161kolom. Prerada mesa obavlja se po tradicionalnim recepturama, rekao je Nikoli\u0107<\/p>\n","protected":false},"excerpt":{"rendered":"<p>SVILAJNAC-Posle 15 godina u Svilajncu je otvorena klanica u vlasni\u0161tvu bra\u0107e Slavi\u0161e i Radomira Nikoli\u0107a. Klanica je jedina u regionu za uslu\u017eno klanje stoke i &hellip; <\/p>\n","protected":false},"author":4,"featured_media":10983,"comment_status":"open","ping_status":"open","sticky":false,"template":"","format":"standard","meta":{"footnotes":""},"categories":[22,1524,2,1517],"tags":[2594,38],"_links":{"self":[{"href":"https:\/\/centralmedia.rs\/index.php\/wp-json\/wp\/v2\/posts\/10982"}],"collection":[{"href":"https:\/\/centralmedia.rs\/index.php\/wp-json\/wp\/v2\/posts"}],"about":[{"href":"https:\/\/centralmedia.rs\/index.php\/wp-json\/wp\/v2\/types\/post"}],"author":[{"embeddable":true,"href":"https:\/\/centralmedia.rs\/index.php\/wp-json\/wp\/v2\/users\/4"}],"replies":[{"embeddable":true,"href":"https:\/\/centralmedia.rs\/index.php\/wp-json\/wp\/v2\/comments?post=10982"}],"version-history":[{"count":2,"href":"https:\/\/centralmedia.rs\/index.php\/wp-json\/wp\/v2\/posts\/10982\/revisions"}],"predecessor-version":[{"id":10986,"href":"https:\/\/centralmedia.rs\/index.php\/wp-json\/wp\/v2\/posts\/10982\/revisions\/10986"}],"wp:featuredmedia":[{"embeddable":true,"href":"https:\/\/centralmedia.rs\/index.php\/wp-json\/wp\/v2\/media\/10983"}],"wp:attachment":[{"href":"https:\/\/centralmedia.rs\/index.php\/wp-json\/wp\/v2\/media?parent=10982"}],"wp:term":[{"taxonomy":"category","embeddable":true,"href":"https:\/\/centralmedia.rs\/index.php\/wp-json\/wp\/v2\/categories?post=10982"},{"taxonomy":"post_tag","embeddable":true,"href":"https:\/\/centralmedia.rs\/index.php\/wp-json\/wp\/v2\/tags?post=10982"}],"curies":[{"name":"wp","href":"https:\/\/api.w.org\/{rel}","templated":true}]}}