{"id":1099,"date":"2015-11-05T09:21:05","date_gmt":"2015-11-05T09:21:05","guid":{"rendered":"http:\/\/centralmedia.rs\/?p=1099"},"modified":"2015-11-05T09:21:05","modified_gmt":"2015-11-05T09:21:05","slug":"zena-majka-kraljica-svetlana-ceca-raznatovic","status":"publish","type":"post","link":"https:\/\/centralmedia.rs\/index.php\/2015\/11\/05\/zena-majka-kraljica-svetlana-ceca-raznatovic\/","title":{"rendered":"\u017dENA, MAJKA, KRALJICA &#8211; SVETLANA CECA RA\u017dNATOVI\u0106"},"content":{"rendered":"<p>JA SAM SAMO \u010cOVEK<br \/>\nJAGODINA-Svetlana Ceca Ra\u017enatovi\u0107 najve\u0107a estradna zvezda u u Srbiji i \u0161ire u intervjuu sa snimanja novogodi\u0161njeg programa na TV Palma plus, koji tradicionalno okupi najzna\u010dajnija estradna imena, ponosno ka\u017ee &#8211; Ja sam samo \u010dovek.<br \/>\n<a href=\"https:\/\/centralmedia.rs\/wp-content\/uploads\/2015\/11\/tv-palma-plus-jagodina-g.j..jpg\"><img loading=\"lazy\" decoding=\"async\" src=\"https:\/\/centralmedia.rs\/wp-content\/uploads\/2015\/11\/tv-palma-plus-jagodina-g.j.-300x225.jpg\" alt=\"tv palma plus-jagodina-g.j.\" width=\"300\" height=\"225\" class=\"alignnone size-medium wp-image-1101\" srcset=\"https:\/\/centralmedia.rs\/wp-content\/uploads\/2015\/11\/tv-palma-plus-jagodina-g.j.-300x225.jpg 300w, https:\/\/centralmedia.rs\/wp-content\/uploads\/2015\/11\/tv-palma-plus-jagodina-g.j.-1024x768.jpg 1024w, https:\/\/centralmedia.rs\/wp-content\/uploads\/2015\/11\/tv-palma-plus-jagodina-g.j.-80x60.jpg 80w, https:\/\/centralmedia.rs\/wp-content\/uploads\/2015\/11\/tv-palma-plus-jagodina-g.j.-265x198.jpg 265w, https:\/\/centralmedia.rs\/wp-content\/uploads\/2015\/11\/tv-palma-plus-jagodina-g.j..jpg 1200w\" sizes=\"(max-width: 300px) 100vw, 300px\" \/><\/a><br \/>\nProteklu godinu Ra\u017enatovi\u0107eve obele\u017eile su Pinkove zvezde, kao i turneja ,,Poziv\u201c koja traje od 2013 godine. Sumiraju\u0107i je ona ka\u017ee- vrlo uspe\u0161na i radna godina.<br \/>\n-Me\u0111u mladim peva\u010dima ima talenata, mi smo izvor talenata u razli\u010ditim muzi\u010dkim \u017eanrovima. Imala sam priliku da upoznam divne mlade i perspektivne ljude. Trudili smo se da budemo objektivniji i profesionalni, ali isto tako smo i ljudi. Mnogo puta sam emotivno reagovala, \u0161to naravno profesionalizma  ne dozvoljava, ali ja sam samo \u010dovek. Grdile su me kolege da sam popustljiva, ali ne\u0107u se promeniti, pri\u010da svoja iskustva Ceca iz Pinkovih zvezda.<br \/>\n<a href=\"https:\/\/centralmedia.rs\/wp-content\/uploads\/2015\/11\/tv-palma-plus-5-jagodina-g.j..jpg\"><img loading=\"lazy\" decoding=\"async\" src=\"https:\/\/centralmedia.rs\/wp-content\/uploads\/2015\/11\/tv-palma-plus-5-jagodina-g.j.-300x225.jpg\" alt=\"tv palma plus 5-jagodina-g.j.\" width=\"300\" height=\"225\" class=\"alignnone size-medium wp-image-1102\" srcset=\"https:\/\/centralmedia.rs\/wp-content\/uploads\/2015\/11\/tv-palma-plus-5-jagodina-g.j.-300x225.jpg 300w, https:\/\/centralmedia.rs\/wp-content\/uploads\/2015\/11\/tv-palma-plus-5-jagodina-g.j.-80x60.jpg 80w, https:\/\/centralmedia.rs\/wp-content\/uploads\/2015\/11\/tv-palma-plus-5-jagodina-g.j.-265x198.jpg 265w, https:\/\/centralmedia.rs\/wp-content\/uploads\/2015\/11\/tv-palma-plus-5-jagodina-g.j..jpg 900w\" sizes=\"(max-width: 300px) 100vw, 300px\" \/><\/a><br \/>\nNju o\u010dekuju brojni nastupi do kraja ove godine. Cena ima zakazane koncerte u Be\u010du, Moskvi, i Dubaiju, odnosno publika na svim svetskim meridijanima.<br \/>\n-Nastupi su obele\u017eeli ovu godinu i nadam se da \u0107e tako biti do samog kraja 2015. Kako stvari stoje verovatno \u0107u u\u0107i radno u 2016 godinu. Posla se ne bojim, imam najlep\u0161i mogu\u0107i posao na svetu, bavim se muzikom i delim je sa ljudima. Svaki koncert mi je bitan. Trudim se da na svim nastupima ostavim najbolji mogu\u0107i utisak, ne spremam ni\u0161ta posebno. Imam bend koji je preko 12 godina samnom i koji me svuda prati. Trudi\u0107u se da posle nastupa u Dubajiu ostanem jo\u0161  nekoliko dana i odmorim se malo, jel nisam imala priliku da se letos odmaram, obja\u0161njava Ceca<br \/>\n<a href=\"https:\/\/centralmedia.rs\/wp-content\/uploads\/2015\/11\/tv-palma-plus-6-jagodina-g.j..jpg\"><img loading=\"lazy\" decoding=\"async\" src=\"https:\/\/centralmedia.rs\/wp-content\/uploads\/2015\/11\/tv-palma-plus-6-jagodina-g.j.-300x225.jpg\" alt=\"tv palma plus 6-jagodina-g.j.\" width=\"300\" height=\"225\" class=\"alignnone size-medium wp-image-1103\" srcset=\"https:\/\/centralmedia.rs\/wp-content\/uploads\/2015\/11\/tv-palma-plus-6-jagodina-g.j.-300x225.jpg 300w, https:\/\/centralmedia.rs\/wp-content\/uploads\/2015\/11\/tv-palma-plus-6-jagodina-g.j.-80x60.jpg 80w, https:\/\/centralmedia.rs\/wp-content\/uploads\/2015\/11\/tv-palma-plus-6-jagodina-g.j.-265x198.jpg 265w, https:\/\/centralmedia.rs\/wp-content\/uploads\/2015\/11\/tv-palma-plus-6-jagodina-g.j..jpg 900w\" sizes=\"(max-width: 300px) 100vw, 300px\" \/><\/a><br \/>\n U narednoj godini u planu je novi album, ali obaveza je previ\u0161e.<br \/>\n-Ni\u0161ta jo\u0161 ne radim i ne pripremam sa svojim saradnicima, posla je mnogo, ali ukoliko neka melodija do\u0111e pre\u0161lu\u0161a\u0107emo je i odlu\u010diti. Novi projekat je izvestan, treba na\u0107i vreme, ka\u017ee Ceca.<br \/>\nNovogodi\u0161nji program TV Palma plus okupio je sve najzna\u010dajnije peva\u010de narodne muzike, a posle odbrojavanja i \u0161ampanjca u  prvim minutima u Nove godine \u0160aban \u0160auli\u0107 zapeva\u0107e ,,Rado lepa Rado\u201c.<\/p>\n<p><a href=\"https:\/\/centralmedia.rs\/wp-content\/uploads\/2015\/11\/tv-palma-plus-4-jagodina-g.j..jpg\"><img loading=\"lazy\" decoding=\"async\" src=\"https:\/\/centralmedia.rs\/wp-content\/uploads\/2015\/11\/tv-palma-plus-4-jagodina-g.j.-300x225.jpg\" alt=\"tv palma plus 4-jagodina-g.j.\" width=\"300\" height=\"225\" class=\"alignnone size-medium wp-image-1104\" srcset=\"https:\/\/centralmedia.rs\/wp-content\/uploads\/2015\/11\/tv-palma-plus-4-jagodina-g.j.-300x225.jpg 300w, https:\/\/centralmedia.rs\/wp-content\/uploads\/2015\/11\/tv-palma-plus-4-jagodina-g.j.-80x60.jpg 80w, https:\/\/centralmedia.rs\/wp-content\/uploads\/2015\/11\/tv-palma-plus-4-jagodina-g.j.-265x198.jpg 265w, https:\/\/centralmedia.rs\/wp-content\/uploads\/2015\/11\/tv-palma-plus-4-jagodina-g.j..jpg 900w\" sizes=\"(max-width: 300px) 100vw, 300px\" \/><\/a><br \/>\nNOVOGODI\u0160NJA \u010cESTITKA<br \/>\n-Svi nama \u017eelim mir.Spokojnu narednu godinu.Mnogo, mnogo vedrih i sun\u010danih dana  u svakom kontekstu. Da smo \u017eivi i zdravi to je najbitnije. Da svi imamo, jedino i samo, najlep\u0161e misli u  glavi, poru\u010duje Ceca.<br \/>\n<a href=\"https:\/\/centralmedia.rs\/wp-content\/uploads\/2015\/11\/tv-palma-plus-1-jagodina-g.j..jpg\"><img loading=\"lazy\" decoding=\"async\" src=\"https:\/\/centralmedia.rs\/wp-content\/uploads\/2015\/11\/tv-palma-plus-1-jagodina-g.j.-300x239.jpg\" alt=\"tv palma plus 1-jagodina-g.j.\" width=\"300\" height=\"239\" class=\"alignnone size-medium wp-image-1105\" srcset=\"https:\/\/centralmedia.rs\/wp-content\/uploads\/2015\/11\/tv-palma-plus-1-jagodina-g.j.-300x239.jpg 300w, https:\/\/centralmedia.rs\/wp-content\/uploads\/2015\/11\/tv-palma-plus-1-jagodina-g.j..jpg 900w\" sizes=\"(max-width: 300px) 100vw, 300px\" \/><\/a><br \/>\nNOVA GODINA<br \/>\n-Nova godina je deo na\u0161eg posla, mi smo profesionalci i nama to te\u0161ko ne pada. Na\u0161 posao je pevanje i nama je stalno Nova godina, tako da, to iz mog ugla gledano, meni taj dan ni\u0161ta ne zna\u010di, sem da koncert  odradim najbolje \u0161to mogu i  da moja publika bude zadovoljna,ka\u017ee Ceca.  <\/p>\n<p>VELJKO U BANJALUCI<br \/>\n-Veljko se adaptirao odli\u010dno na Banjaluku, tamo je odlu\u010dio da nastavi studije. Nije mu prvi put, jer je svako godine unazad odlazio tamo po mesec-dva, letnje raspuste je tamo provodio, ima dosta prijatelja, dopada mu se okru\u017eenje i atmosfera. Meni je iskreno mnogo drago i \u0161to je promenio sredinu, \u010desto je u Beogradu i nema vremena da bude nostalgi\u010dan. \u017divi na toj relaciji, otkriva Ceca.<br \/>\n<a href=\"https:\/\/centralmedia.rs\/wp-content\/uploads\/2015\/11\/tv-palma-plus-10-jagodina-g.j..jpg\"><img loading=\"lazy\" decoding=\"async\" src=\"https:\/\/centralmedia.rs\/wp-content\/uploads\/2015\/11\/tv-palma-plus-10-jagodina-g.j.-251x300.jpg\" alt=\"tv palma plus 10-jagodina-g.j.\" width=\"251\" height=\"300\" class=\"alignnone size-medium wp-image-1106\" srcset=\"https:\/\/centralmedia.rs\/wp-content\/uploads\/2015\/11\/tv-palma-plus-10-jagodina-g.j.-251x300.jpg 251w, https:\/\/centralmedia.rs\/wp-content\/uploads\/2015\/11\/tv-palma-plus-10-jagodina-g.j..jpg 753w\" sizes=\"(max-width: 251px) 100vw, 251px\" \/><\/a><br \/>\nCECA BAKA<br \/>\n-Podr\u017eala bih prinovu u mojoj porodici, to je moja krv, nikada ne bih i\u0161la na to da se trudnu\u0107a prekine. U svakom slu\u010daju mojoj deci je rano za takve stvari, jo\u0161 su mladi i trebaju jo\u0161 da nau\u010de mnogo i steku nova iskustva. \u017delim da se prvo ostvare na poslovnom planu, da  sazru i osamostale. Nije lako pru\u017eati ruku da ti neko udeli, mnogo je lep\u0161e kada sam zaradi\u0161. Imam iskustvo, jer sam sa deset godina zaradila prvi honorar i po\u0161tujem novac. Nikad se ne bahatim, po\u0161tujem svaki zara\u0111eni dinar. Svako mora da pro\u0111e kroz to da bi vrednovao ono \u0161to stekne. Ka\u017eu ,,nikad ne kupuj ku\u0107u od onog \u0161to je gradio, ve\u0107 od onog \u0161to je nasledio\u201c, pri\u010da Ceca.<\/p>\n<p>ANASTAZIJI ZABRANJENI SILIKONI<br \/>\n-Nisam dozvolila Anastaziji da stavlja silikone zato \u0161to je mlada, ali sada ima sedamnaest i po godina. Za \u0161est meseci kada bude punoletna sama \u0107e o tome odlu\u010diti. To je u maju slede\u0107e godine. Ni\u0161ta mi je smeta, neka pi\u0161e \u0161ta ko ho\u0107e, moje dete je lepo ko an\u0111eo. Mlado, lepo, zgodno&#8230;osmehuju\u0107i se govori Ceca<br \/>\n<a href=\"https:\/\/centralmedia.rs\/wp-content\/uploads\/2015\/11\/tv-palma-plus-9-jagodina-g.j..jpg\"><img loading=\"lazy\" decoding=\"async\" src=\"https:\/\/centralmedia.rs\/wp-content\/uploads\/2015\/11\/tv-palma-plus-9-jagodina-g.j.-300x225.jpg\" alt=\"tv palma plus 9-jagodina-g.j.\" width=\"300\" height=\"225\" class=\"alignnone size-medium wp-image-1107\" srcset=\"https:\/\/centralmedia.rs\/wp-content\/uploads\/2015\/11\/tv-palma-plus-9-jagodina-g.j.-300x225.jpg 300w, https:\/\/centralmedia.rs\/wp-content\/uploads\/2015\/11\/tv-palma-plus-9-jagodina-g.j.-80x60.jpg 80w, https:\/\/centralmedia.rs\/wp-content\/uploads\/2015\/11\/tv-palma-plus-9-jagodina-g.j.-265x198.jpg 265w, https:\/\/centralmedia.rs\/wp-content\/uploads\/2015\/11\/tv-palma-plus-9-jagodina-g.j..jpg 900w\" sizes=\"(max-width: 300px) 100vw, 300px\" \/><\/a><br \/>\nI STARLETE SU NE\u010cIJA DECA<br \/>\n-\u0160ta ima da prihvatama ili ne prihvatam. Ne pu\u0161tam ki\u0161u. Svako ima pravo na izbor, ni ja nisam volela da se meni me\u0161aju. To \u0161to su moja deca, ne dajem mi za pravo da vodim njihove \u017eivote. Tu sam da im budem potpora, za\u0161tita,  za savet, a \u0161to se ti\u010de njihovih izbora, neka se deca vole i provode, pa i starleta je ne\u010dije dete, ka\u017ee Ceca.<\/p>\n","protected":false},"excerpt":{"rendered":"<p>JA SAM SAMO \u010cOVEK JAGODINA-Svetlana Ceca Ra\u017enatovi\u0107 najve\u0107a estradna zvezda u u Srbiji i \u0161ire u intervjuu sa snimanja novogodi\u0161njeg programa na TV Palma plus, &hellip; <\/p>\n","protected":false},"author":4,"featured_media":1100,"comment_status":"open","ping_status":"open","sticky":false,"template":"","format":"standard","meta":{"footnotes":""},"categories":[32,2,23,12],"tags":[204,205,203],"_links":{"self":[{"href":"https:\/\/centralmedia.rs\/index.php\/wp-json\/wp\/v2\/posts\/1099"}],"collection":[{"href":"https:\/\/centralmedia.rs\/index.php\/wp-json\/wp\/v2\/posts"}],"about":[{"href":"https:\/\/centralmedia.rs\/index.php\/wp-json\/wp\/v2\/types\/post"}],"author":[{"embeddable":true,"href":"https:\/\/centralmedia.rs\/index.php\/wp-json\/wp\/v2\/users\/4"}],"replies":[{"embeddable":true,"href":"https:\/\/centralmedia.rs\/index.php\/wp-json\/wp\/v2\/comments?post=1099"}],"version-history":[{"count":0,"href":"https:\/\/centralmedia.rs\/index.php\/wp-json\/wp\/v2\/posts\/1099\/revisions"}],"wp:featuredmedia":[{"embeddable":true,"href":"https:\/\/centralmedia.rs\/index.php\/wp-json\/wp\/v2\/media\/1100"}],"wp:attachment":[{"href":"https:\/\/centralmedia.rs\/index.php\/wp-json\/wp\/v2\/media?parent=1099"}],"wp:term":[{"taxonomy":"category","embeddable":true,"href":"https:\/\/centralmedia.rs\/index.php\/wp-json\/wp\/v2\/categories?post=1099"},{"taxonomy":"post_tag","embeddable":true,"href":"https:\/\/centralmedia.rs\/index.php\/wp-json\/wp\/v2\/tags?post=1099"}],"curies":[{"name":"wp","href":"https:\/\/api.w.org\/{rel}","templated":true}]}}