{"id":10994,"date":"2018-01-27T10:01:36","date_gmt":"2018-01-27T10:01:36","guid":{"rendered":"http:\/\/centralmedia.rs\/?p=10994"},"modified":"2018-01-27T10:02:53","modified_gmt":"2018-01-27T10:02:53","slug":"na-fakultetu-pedagoskih-nauka-u-jagodini-obelezen-sveti-sava-posle-72-godine","status":"publish","type":"post","link":"https:\/\/centralmedia.rs\/index.php\/2018\/01\/27\/na-fakultetu-pedagoskih-nauka-u-jagodini-obelezen-sveti-sava-posle-72-godine\/","title":{"rendered":"NA FAKULTETU PEDAGO\u0160KIH NAUKA U JAGODINI &#8211; OBELE\u017dEN SVETI SAVA POSLE 72. GODINE"},"content":{"rendered":"<p>JAGODINA-Na Fakultetu pedago\u0161kih nauka u Jagodini danas je prvi put obele\u017eena slava Sveti Sava posle 72. godine, odnosno posle zavr\u0161etka drugog svetskog rata. Prete\u010da fakulteta, koji je osnovan pre 25 godina, \u00a0je U\u010diteljska \u0161kola koja je osnova pre 120 godina. Na inicijativu kola\u010dara profesora Sne\u017eane Markovi\u0107 i Branka Ili\u0107a \u00a0obnovljeno je obele\u017eavanje Svetog Save.<\/p>\n<p>-Zahvalila bi se kola\u010darima \u0161to su na\u0161u decenijsku \u017eelju ostvarili. Duh Svetog Save \u017eivi me\u0111u nama i stalno je me\u0111u nama, ali je lepo da ga proslavljamo, prizovemo i zahvalimo se na svemu \u0161to smo takvi i \u0161to \u0107emo biti bolji. Iskreno, u mojoj porodici, prosvetinih radnika, ovaj dan je bio slava. Moja majka i 82. godine priprema \u017eito, jer ovaj dan do\u017eivljavamo kao porodi\u010dnu slavu. Tog dana sam ose\u0107ala veliku prazninu, ostajala sam kod ku\u0107e a htela sam taj trenutak da podelim sa kolegama i mojim budu\u0107im u\u010diteljima, kazala je dekanka profesor Violeta Jovanovi\u0107.<\/p>\n<p>Ona je dodala da Sveti Sava od zavr\u0161etak drugog svetskog rata ,,nije obele\u017eavan pod krovom U\u010diteljske \u00a0\u0161kole&#8221; i najavila da je ovo trenutak ,,povratka onome \u0161to jesmo i treba da budemo&#8221;.<\/p>\n","protected":false},"excerpt":{"rendered":"<p>JAGODINA-Na Fakultetu pedago\u0161kih nauka u Jagodini danas je prvi put obele\u017eena slava Sveti Sava posle 72. godine, odnosno posle zavr\u0161etka drugog svetskog rata. Prete\u010da fakulteta, &hellip; <\/p>\n","protected":false},"author":4,"featured_media":10995,"comment_status":"open","ping_status":"open","sticky":false,"template":"","format":"standard","meta":{"footnotes":""},"categories":[14,1524,2,1514,12],"tags":[2531,58,2596],"_links":{"self":[{"href":"https:\/\/centralmedia.rs\/index.php\/wp-json\/wp\/v2\/posts\/10994"}],"collection":[{"href":"https:\/\/centralmedia.rs\/index.php\/wp-json\/wp\/v2\/posts"}],"about":[{"href":"https:\/\/centralmedia.rs\/index.php\/wp-json\/wp\/v2\/types\/post"}],"author":[{"embeddable":true,"href":"https:\/\/centralmedia.rs\/index.php\/wp-json\/wp\/v2\/users\/4"}],"replies":[{"embeddable":true,"href":"https:\/\/centralmedia.rs\/index.php\/wp-json\/wp\/v2\/comments?post=10994"}],"version-history":[{"count":2,"href":"https:\/\/centralmedia.rs\/index.php\/wp-json\/wp\/v2\/posts\/10994\/revisions"}],"predecessor-version":[{"id":10997,"href":"https:\/\/centralmedia.rs\/index.php\/wp-json\/wp\/v2\/posts\/10994\/revisions\/10997"}],"wp:featuredmedia":[{"embeddable":true,"href":"https:\/\/centralmedia.rs\/index.php\/wp-json\/wp\/v2\/media\/10995"}],"wp:attachment":[{"href":"https:\/\/centralmedia.rs\/index.php\/wp-json\/wp\/v2\/media?parent=10994"}],"wp:term":[{"taxonomy":"category","embeddable":true,"href":"https:\/\/centralmedia.rs\/index.php\/wp-json\/wp\/v2\/categories?post=10994"},{"taxonomy":"post_tag","embeddable":true,"href":"https:\/\/centralmedia.rs\/index.php\/wp-json\/wp\/v2\/tags?post=10994"}],"curies":[{"name":"wp","href":"https:\/\/api.w.org\/{rel}","templated":true}]}}