{"id":11002,"date":"2018-01-27T16:36:22","date_gmt":"2018-01-27T16:36:22","guid":{"rendered":"http:\/\/centralmedia.rs\/?p=11002"},"modified":"2018-01-27T16:36:22","modified_gmt":"2018-01-27T16:36:22","slug":"vms-prvi-put-obelezila-svetog-savu-martinovic-najreprezentativnija-obrazovna-ustanova-u-srbiji","status":"publish","type":"post","link":"https:\/\/centralmedia.rs\/index.php\/2018\/01\/27\/vms-prvi-put-obelezila-svetog-savu-martinovic-najreprezentativnija-obrazovna-ustanova-u-srbiji\/","title":{"rendered":"VM\u0160 PRVI PUT OBELE\u017dILA SVETOG SAVU &#8211; MARTINOVI\u0106 : NAJREPREZENTATIVNIJA OBRAZOVNA USTANOVA U SRBIJI"},"content":{"rendered":"<p>\u0106UPRIJA-Narodni poslanik Aleksandar Martinovi\u0107, \u0161ef poslani\u010dke grupe SNS, izjavio je danas da je Visoka medicinska \u0161kola u \u0106upriji jedna od najreprezentativnijih obrazovnovnih ustanova u oblasti zdravstva u Srbiji. Ta prosvetna ustanova je prvi put od osnivanja obele\u017eila Svetog Savu. Na dodeli diploma najboljim studentima dodeljeni su tableti, a studentu generacije Mirjani Stojanovi\u0107 laptop, koja se ve\u0107 zaposlila u Francuskoj i bila je spre\u010dena da primi nagradu.<a href=\"https:\/\/centralmedia.rs\/wp-content\/uploads\/2018\/01\/slava.jpg\"><img loading=\"lazy\" decoding=\"async\" class=\"alignright size-medium wp-image-11004\" src=\"https:\/\/centralmedia.rs\/wp-content\/uploads\/2018\/01\/slava-300x225.jpg\" alt=\"\" width=\"300\" height=\"225\" srcset=\"https:\/\/centralmedia.rs\/wp-content\/uploads\/2018\/01\/slava-300x225.jpg 300w, https:\/\/centralmedia.rs\/wp-content\/uploads\/2018\/01\/slava-768x576.jpg 768w, https:\/\/centralmedia.rs\/wp-content\/uploads\/2018\/01\/slava-80x60.jpg 80w, https:\/\/centralmedia.rs\/wp-content\/uploads\/2018\/01\/slava-265x198.jpg 265w, https:\/\/centralmedia.rs\/wp-content\/uploads\/2018\/01\/slava.jpg 900w\" sizes=\"(max-width: 300px) 100vw, 300px\" \/><\/a><\/p>\n<p>-\u017delim svima vama, roditeljima i nastavnicima da \u010destitam veliki dan, veliki dan i u va\u0161im \u017eivotima. Naravno \u017eelim da se zahvalim dr Hristosu,mom velikom prijatelju, koji je od ove \u0161kole napravio jednu od najreprezentativnijih obrazovnih ustanova u oblasti zdravstva. To ne ka\u017eem samo ja, to su i zvani\u010dne ocene Ministarstva zdravlja, zaista na \u010delu ustanove imate veoma ozbiljnog, sposobnog i odgovornog \u010doveka, koji je ne samo dobar lekar, ve\u0107 i odli\u010dan menad\u017eer, rekao je Martinovi\u0107, koji predaje jedan od predmeta u toj \u0161koli.<\/p>\n<p>Predsednik Odbora za zdravstvo i proodicu Skup\u0161tine Srbije dr Darko Laketi\u0107 je podsetio na delo i vrednosti Svetog Save.<\/p>\n<p>-Sve \u0161to je trajno i vredno, van vremenski, neprolazno, doneo je Sveti Sava, rekao je partijarh Irinej. Zaista\u00a0 je tako. Slavimo ovaj dan, slavimo Rastka Nemanji\u0107a kao sveca, slavimo vrednosti koje je za \u017eivota promovisao, propagirao i prezentovao. Te vrednosti nas krase, istakao je dr Laketi\u0107.<\/p>\n<figure id=\"attachment_11005\" aria-describedby=\"caption-attachment-11005\" style=\"width: 300px\" class=\"wp-caption alignright\"><a href=\"https:\/\/centralmedia.rs\/wp-content\/uploads\/2018\/01\/najbolji-studenti.jpg\"><img loading=\"lazy\" decoding=\"async\" class=\"size-medium wp-image-11005\" src=\"https:\/\/centralmedia.rs\/wp-content\/uploads\/2018\/01\/najbolji-studenti-300x198.jpg\" alt=\"\" width=\"300\" height=\"198\" srcset=\"https:\/\/centralmedia.rs\/wp-content\/uploads\/2018\/01\/najbolji-studenti-300x198.jpg 300w, https:\/\/centralmedia.rs\/wp-content\/uploads\/2018\/01\/najbolji-studenti-768x507.jpg 768w, https:\/\/centralmedia.rs\/wp-content\/uploads\/2018\/01\/najbolji-studenti.jpg 900w\" sizes=\"(max-width: 300px) 100vw, 300px\" \/><\/a><figcaption id=\"caption-attachment-11005\" class=\"wp-caption-text\">Najbolji studenti<\/figcaption><\/figure>\n<p>-Danas, prvi put u \u0161koli, imamo Svetosavsku akademiju. Dodelili smo nagrade studentima generacije. To \u0107e postati tradicija, rekao je direktor \u0161kole dr Hristos Aleksopulos.<\/p>\n<p>Danas je prvi put u toj \u0161koli rezan slavski kola\u010d i obele\u017eena \u0161kolska slava Sveti Sava.<\/p>\n","protected":false},"excerpt":{"rendered":"<p>\u0106UPRIJA-Narodni poslanik Aleksandar Martinovi\u0107, \u0161ef poslani\u010dke grupe SNS, izjavio je danas da je Visoka medicinska \u0161kola u \u0106upriji jedna od najreprezentativnijih obrazovnovnih ustanova u oblasti &hellip; <\/p>\n","protected":false},"author":4,"featured_media":11003,"comment_status":"open","ping_status":"open","sticky":false,"template":"","format":"standard","meta":{"footnotes":""},"categories":[1515,14,1524,2,12],"tags":[2599,44,2596,1687],"_links":{"self":[{"href":"https:\/\/centralmedia.rs\/index.php\/wp-json\/wp\/v2\/posts\/11002"}],"collection":[{"href":"https:\/\/centralmedia.rs\/index.php\/wp-json\/wp\/v2\/posts"}],"about":[{"href":"https:\/\/centralmedia.rs\/index.php\/wp-json\/wp\/v2\/types\/post"}],"author":[{"embeddable":true,"href":"https:\/\/centralmedia.rs\/index.php\/wp-json\/wp\/v2\/users\/4"}],"replies":[{"embeddable":true,"href":"https:\/\/centralmedia.rs\/index.php\/wp-json\/wp\/v2\/comments?post=11002"}],"version-history":[{"count":1,"href":"https:\/\/centralmedia.rs\/index.php\/wp-json\/wp\/v2\/posts\/11002\/revisions"}],"predecessor-version":[{"id":11006,"href":"https:\/\/centralmedia.rs\/index.php\/wp-json\/wp\/v2\/posts\/11002\/revisions\/11006"}],"wp:featuredmedia":[{"embeddable":true,"href":"https:\/\/centralmedia.rs\/index.php\/wp-json\/wp\/v2\/media\/11003"}],"wp:attachment":[{"href":"https:\/\/centralmedia.rs\/index.php\/wp-json\/wp\/v2\/media?parent=11002"}],"wp:term":[{"taxonomy":"category","embeddable":true,"href":"https:\/\/centralmedia.rs\/index.php\/wp-json\/wp\/v2\/categories?post=11002"},{"taxonomy":"post_tag","embeddable":true,"href":"https:\/\/centralmedia.rs\/index.php\/wp-json\/wp\/v2\/tags?post=11002"}],"curies":[{"name":"wp","href":"https:\/\/api.w.org\/{rel}","templated":true}]}}