{"id":11007,"date":"2018-01-28T09:39:57","date_gmt":"2018-01-28T09:39:57","guid":{"rendered":"http:\/\/centralmedia.rs\/?p=11007"},"modified":"2018-01-28T09:39:57","modified_gmt":"2018-01-28T09:39:57","slug":"svetosavska-akademija-u-svilajncu-za-obrazovanje-3-miliona-evra","status":"publish","type":"post","link":"https:\/\/centralmedia.rs\/index.php\/2018\/01\/28\/svetosavska-akademija-u-svilajncu-za-obrazovanje-3-miliona-evra\/","title":{"rendered":"SVETOSAVSKA AKADEMIJA U SVILAJNCU &#8211; ZA OBRAZOVANJE 3 MILIONA EVRA"},"content":{"rendered":"<p>SVILAJNAC-Na tradicionalnoj Svetosavskoj akademiji u Prirodnja\u010dkom centru u Svilajncu nagra\u0111eno je desetoro u\u010denika,studenata i prosvetnih radnika sa po 10.000 dinara, a Institut Visan je najboljim srednjo\u0161kolcima dodelio laptopove.<a href=\"https:\/\/centralmedia.rs\/wp-content\/uploads\/2018\/01\/predrag-milanovic.jpg\"><img loading=\"lazy\" decoding=\"async\" class=\"alignright size-medium wp-image-11009\" src=\"https:\/\/centralmedia.rs\/wp-content\/uploads\/2018\/01\/predrag-milanovic-300x225.jpg\" alt=\"\" width=\"300\" height=\"225\" srcset=\"https:\/\/centralmedia.rs\/wp-content\/uploads\/2018\/01\/predrag-milanovic-300x225.jpg 300w, https:\/\/centralmedia.rs\/wp-content\/uploads\/2018\/01\/predrag-milanovic-768x576.jpg 768w, https:\/\/centralmedia.rs\/wp-content\/uploads\/2018\/01\/predrag-milanovic-80x60.jpg 80w, https:\/\/centralmedia.rs\/wp-content\/uploads\/2018\/01\/predrag-milanovic-265x198.jpg 265w, https:\/\/centralmedia.rs\/wp-content\/uploads\/2018\/01\/predrag-milanovic.jpg 900w\" sizes=\"(max-width: 300px) 100vw, 300px\" \/><\/a><\/p>\n<p>&#8211; Pro\u0161la godina\u00a0 je bila uspe\u0161ena u zdravstvu, a 2018. obele\u017ei\u0107e investicije obrazovanju. Obezbedili smo sa Vladom Srbije sredstva za rekonstrukciju vi\u0161e \u0161kola na teritoriji Svilajnca. Najve\u0107a investicija odnosi se na \u00a0O\u0160 Jovan Jovanovi\u0107 Zmaj, gde \u0107e biti rekonstruisano 6.000 kvadrata. Zavr\u0161ili smo tenderske \u00a0procedure i od ponedeljka kre\u0107emo da sre\u0111ujem o \u0161kolu Crkvencu, koja je pretrpela \u0161tetu od po\u017eara. Obezbedili smo sredstva za rekonstrukciju \u0161kole u Rado\u0161inu. O\u010dekujemo raspisivanje tendera za izgradnju fiskulturne sale u srednjoj \u0161koli. Sa Fondacijom \u00a0Novak \u0110okovi\u0107 gradi\u0107emo novi objekat u vrti\u0107u. Pripremamo dokumentaciju za \u0161kole u Sedlaru, Vojsci i Poljoprivrednu \u0161kolu. O\u010dekujemo da u prvoj polovini godine otvorimo Dom u\u010denika, jer je raspisan tender za nabavku name\u0161taja. Investicije su vredne preko 3 miliona evra\u00a0 i treba da budemo jako ponosi, rekao je na akademiji predsednik op\u0161tine Predrag Milanovi\u0107.<\/p>\n<p>U ime nagra\u0111enih obratio se student Stefan Lazarevi\u0107.<\/p>\n","protected":false},"excerpt":{"rendered":"<p>SVILAJNAC-Na tradicionalnoj Svetosavskoj akademiji u Prirodnja\u010dkom centru u Svilajncu nagra\u0111eno je desetoro u\u010denika,studenata i prosvetnih radnika sa po 10.000 dinara, a Institut Visan je najboljim &hellip; <\/p>\n","protected":false},"author":4,"featured_media":11008,"comment_status":"open","ping_status":"open","sticky":false,"template":"","format":"standard","meta":{"footnotes":""},"categories":[14,1524,2,12,1517],"tags":[288,501,38],"_links":{"self":[{"href":"https:\/\/centralmedia.rs\/index.php\/wp-json\/wp\/v2\/posts\/11007"}],"collection":[{"href":"https:\/\/centralmedia.rs\/index.php\/wp-json\/wp\/v2\/posts"}],"about":[{"href":"https:\/\/centralmedia.rs\/index.php\/wp-json\/wp\/v2\/types\/post"}],"author":[{"embeddable":true,"href":"https:\/\/centralmedia.rs\/index.php\/wp-json\/wp\/v2\/users\/4"}],"replies":[{"embeddable":true,"href":"https:\/\/centralmedia.rs\/index.php\/wp-json\/wp\/v2\/comments?post=11007"}],"version-history":[{"count":1,"href":"https:\/\/centralmedia.rs\/index.php\/wp-json\/wp\/v2\/posts\/11007\/revisions"}],"predecessor-version":[{"id":11010,"href":"https:\/\/centralmedia.rs\/index.php\/wp-json\/wp\/v2\/posts\/11007\/revisions\/11010"}],"wp:featuredmedia":[{"embeddable":true,"href":"https:\/\/centralmedia.rs\/index.php\/wp-json\/wp\/v2\/media\/11008"}],"wp:attachment":[{"href":"https:\/\/centralmedia.rs\/index.php\/wp-json\/wp\/v2\/media?parent=11007"}],"wp:term":[{"taxonomy":"category","embeddable":true,"href":"https:\/\/centralmedia.rs\/index.php\/wp-json\/wp\/v2\/categories?post=11007"},{"taxonomy":"post_tag","embeddable":true,"href":"https:\/\/centralmedia.rs\/index.php\/wp-json\/wp\/v2\/tags?post=11007"}],"curies":[{"name":"wp","href":"https:\/\/api.w.org\/{rel}","templated":true}]}}