{"id":11011,"date":"2018-01-29T17:09:36","date_gmt":"2018-01-29T17:09:36","guid":{"rendered":"http:\/\/centralmedia.rs\/?p=11011"},"modified":"2018-01-29T17:11:09","modified_gmt":"2018-01-29T17:11:09","slug":"sinisa-kovacevic-jagodina-vise-nece-zavisiti-od-lokalnog-spahije-njegovog-uvredljvog-licnog-baksisa","status":"publish","type":"post","link":"https:\/\/centralmedia.rs\/index.php\/2018\/01\/29\/sinisa-kovacevic-jagodina-vise-nece-zavisiti-od-lokalnog-spahije-njegovog-uvredljvog-licnog-baksisa\/","title":{"rendered":"SINI\u0160A KOVA\u010cEVI\u0106 : JAGODINA VI\u0160E NE\u0106E ZAVISITI OD LOKALNOG SPAHIJE I NJEGOVOG UVREDLJVOG LI\u010cNOG BAK\u0160I\u0160A"},"content":{"rendered":"<p>JAGODINA- Potpredsednik Narodne stranke Sini\u0161a Kova\u010devi\u0107 rekao je u Jagodini da budu\u0107nost nijednog grada, pa ni Jagodine, ne zavisi od dobre volje lokalnog spahije koji \u0107e se razmetati parama poreskih obveznika dele\u0107i uvredljivi li\u010dni bak\u0161i\u0161 unesre\u0107enim i bolesnim ljudima, stoji u saop\u0161tenju te stranke.<\/p>\n<p>-Jagodina je grad koji ima svoj ljudski potencijal, \u0161to je dokazivala i u ranijim periodima i uskoro \u0107e biti oslobo\u0111ena od samovolje politi\u010dkog primitivizma i individualnog neznanja i predata u ruke ljudima koji \u0107e je voditi na na\u010din na koji grad koji kakav je Jagodina to i zaslu\u017euje, razvijaju\u0107i vlastiti potencijal i grade\u0107i budu\u0107nost na komparativnim prednostima koje Jagodina svakako ima, rekao je Kova\u010devi\u0107.<\/p>\n<p>Osniva\u010dkoj skup\u0161tini Gradskog odbora Narodne stranke,pored Kova\u010devi\u0107a, prisustvovali su i prvi potpredsednik Narodne stranke Miroslav Aleksi\u0107, potpredsednik Nikola Jovanovi\u0107 i predsednik Izvr\u0161nog odbora Narodne stranke Vladimir Dobrosavljevi\u0107.<\/p>\n<p>Ina\u010de, jagodinsko rukovodstvo Narodne stranke proisteklo je iz koalicije SDS i Levice Srbije koja je nastupila na lokalnim izborima pod sloganom ,,Savez za bolju Jagodinu&#8221;, predsednik je Darko Radovanovi\u0107, a potpredsednici dr Suzana Mateji\u0107 i Milo\u0161 \u017divanovi\u0107. Na skupu je istaknuto da \u0107e Narodna stranka biti sto\u017eer okupljanja opozicije u Jagodini i opoziciji je upu\u0107en poziv za ujedinjen nastup na lokalnim izborima 2020. godine.<\/p>\n<p>&nbsp;<\/p>\n","protected":false},"excerpt":{"rendered":"<p>JAGODINA- Potpredsednik Narodne stranke Sini\u0161a Kova\u010devi\u0107 rekao je u Jagodini da budu\u0107nost nijednog grada, pa ni Jagodine, ne zavisi od dobre volje lokalnog spahije koji &hellip; <\/p>\n","protected":false},"author":4,"featured_media":11012,"comment_status":"open","ping_status":"open","sticky":false,"template":"","format":"standard","meta":{"footnotes":""},"categories":[1524,2,1514,13,12],"tags":[58,2567,2600],"_links":{"self":[{"href":"https:\/\/centralmedia.rs\/index.php\/wp-json\/wp\/v2\/posts\/11011"}],"collection":[{"href":"https:\/\/centralmedia.rs\/index.php\/wp-json\/wp\/v2\/posts"}],"about":[{"href":"https:\/\/centralmedia.rs\/index.php\/wp-json\/wp\/v2\/types\/post"}],"author":[{"embeddable":true,"href":"https:\/\/centralmedia.rs\/index.php\/wp-json\/wp\/v2\/users\/4"}],"replies":[{"embeddable":true,"href":"https:\/\/centralmedia.rs\/index.php\/wp-json\/wp\/v2\/comments?post=11011"}],"version-history":[{"count":3,"href":"https:\/\/centralmedia.rs\/index.php\/wp-json\/wp\/v2\/posts\/11011\/revisions"}],"predecessor-version":[{"id":11015,"href":"https:\/\/centralmedia.rs\/index.php\/wp-json\/wp\/v2\/posts\/11011\/revisions\/11015"}],"wp:featuredmedia":[{"embeddable":true,"href":"https:\/\/centralmedia.rs\/index.php\/wp-json\/wp\/v2\/media\/11012"}],"wp:attachment":[{"href":"https:\/\/centralmedia.rs\/index.php\/wp-json\/wp\/v2\/media?parent=11011"}],"wp:term":[{"taxonomy":"category","embeddable":true,"href":"https:\/\/centralmedia.rs\/index.php\/wp-json\/wp\/v2\/categories?post=11011"},{"taxonomy":"post_tag","embeddable":true,"href":"https:\/\/centralmedia.rs\/index.php\/wp-json\/wp\/v2\/tags?post=11011"}],"curies":[{"name":"wp","href":"https:\/\/api.w.org\/{rel}","templated":true}]}}