{"id":11018,"date":"2018-01-30T10:46:02","date_gmt":"2018-01-30T10:46:02","guid":{"rendered":"http:\/\/centralmedia.rs\/?p=11018"},"modified":"2018-01-30T10:46:02","modified_gmt":"2018-01-30T10:46:02","slug":"fpnj-promovisao-izdavacku-delatnost","status":"publish","type":"post","link":"https:\/\/centralmedia.rs\/index.php\/2018\/01\/30\/fpnj-promovisao-izdavacku-delatnost\/","title":{"rendered":"FPNJ PROMOVISAO IZDAVA\u010cKU DELATNOST"},"content":{"rendered":"<p>Kragujevac \u2013 Fakultet pedago\u0161kih nauka je 27. januara, na Savindan, u Univerzitetskoj biblioteci u Kragujevcu uspe\u0161no promovisao svoju izdava\u010dku delatnost u okviru prvi put organizovane manifestacije \u201eDani univerzitetske knjige\u201c.<\/p>\n<p>O izdava\u010dkoj politici i produkciji Centra za izdava\u010dku delatnost Fakulteta, kao i o planu izdava\u010dke delatnosti za teku\u0107u akademsku godinu i aktuelnim aktivnostima na Fakultetu u vezi sa izdava\u0161tvom, govorila je rukovodilac Centra doc. dr Maja Dimitrijevi\u0107.<\/p>\n<p>Centar za izdava\u010dku delatnost Fakulteta pedago\u0161kih nauka\u00a0je u prethodne dve godine objavio 16\u00a0referentnih nau\u010dnih i ud\u017ebeni\u010dkih\u00a0publikacija i 4 sveske \u010dasopisa \u201eUzdanica\u201c koji je na listi Ministarstva prosvete, nauke i tehnolo\u0161kog razvoja kategorizovan kao \u010dasopis nacionalnog zna\u010daja. Fakultet je finansirao publikovanje gotovo svih objavljenih\u00a0\u00a0knjiga. Proces pripreme za \u0161tampu je profesionalizovan tako\u00a0\u0161to je\u00a0formiran fakultetski tim koji obavlja sve\u00a0stru\u010dne i administrativno-tehni\u010dke poslove za potrebe Centra \u2013 od detaljne pripreme tenderske dokumentacije, tehni\u010dkog i grafi\u010dkog ure\u0111enja do distribucije publikacija i saradnje sa bibliotekama u zemlji i regionu.<\/p>\n<p>Ustanovljena je edicija \u201eUzdanica\u201d u kojoj se, kao posebna nagrada, publikuju stru\u010dna ili umetni\u010dka studentska ostvarenja u izdanju Fakulteta. Tako\u0111e se finalizuje izrada novih grafi\u010dkih re\u0161enja za postoje\u0107e edicije kako bi se postigao prepoznatljiv vizuelni identitet svih fakultetskih publikacija.<\/p>\n<p>Krajem pro\u0161le godine prvi put je organizovana akcija prodaje originalnih izdanja ud\u017ebenika, priru\u010dnika, zbirki, monografija po ceni foto-kopija, kako bi stru\u010dna i nau\u010dna literatura bila \u0161to dostupnija studentima.<\/p>\n<p>Suizdava\u010dke projekte Fakultet je realizovao sa respektibilnim partnerskim institucijama kakve su\u00a0ZUOV, Institut za pedago\u0161ka istra\u017eivanja, IP \u201eProsveta\u201c. Prevod\u00a0<em>Kembrid\u017eovog uvoda u pozori\u0161nu re\u017eiju<\/em>\u00a0objavljen je u saradnji sa Univerzitetom umetnosti i Fakultetom dramskih umetnosti u Beogradu i Bitef teatrom.<\/p>\n<p>Glavni i odgovorni urednik \u201eUzdanice\u201d, prof. dr Ilijana \u010cutura, predstavila je najnoviji\u00a0redizajnirani\u00a0broj \u010dasopisa,\u00a0temat sa radovima izlo\u017eenim na Okruglom stolu o romanu\u00a0<em>Kukavi\u010dja pilad\u00a0<\/em>Labuda\u00a0Dragi\u0107a odr\u017eanom pro\u0161le godine u Srpskoj knji\u017eevnoj zadruzi. Sa ovom izdava\u010dkom ku\u0107om Fakultet ve\u0107 drugi put ostvaruje uspe\u0161nu i produktivnu saradnju.<\/p>\n<p>Prire\u0111ena je i mini-promocija\u00a0monografije \u201ePark Fakulteta pedago\u0161kih nauka\u201c koja je\u00a0upravo iza\u0161la iz \u0161tampe. Autori, docenti Milan Stankovi\u0107 iBiljana Bojovi\u0107\u00a0sa Instituta za biologiju i ekologiju u Kragujevcu i prof. dr\u00a0Svetlana \u0106ur\u010di\u0107 sa Fakulteta pedago\u0161kih nauka, monografiju su posvetili\u00a0120. godi\u0161njici od osnivanja Parka i Mu\u0161ke u\u010diteljske \u0161kole i 25. godi\u0161njici Fakulteta pedago\u0161kih nauka.\u00a0Promocijom ove knjige na\u00a0 krajem marta 2018. godine zvani\u010dno \u0107e zapo\u010deti proslava ovog zna\u010dajnog jubileja.<\/p>\n<p>&nbsp;<\/p>\n","protected":false},"excerpt":{"rendered":"<p>Kragujevac \u2013 Fakultet pedago\u0161kih nauka je 27. januara, na Savindan, u Univerzitetskoj biblioteci u Kragujevcu uspe\u0161no promovisao svoju izdava\u010dku delatnost u okviru prvi put organizovane &hellip; <\/p>\n","protected":false},"author":4,"featured_media":11019,"comment_status":"open","ping_status":"open","sticky":false,"template":"","format":"standard","meta":{"footnotes":""},"categories":[14,1524,2,1514,12],"tags":[2531,650],"_links":{"self":[{"href":"https:\/\/centralmedia.rs\/index.php\/wp-json\/wp\/v2\/posts\/11018"}],"collection":[{"href":"https:\/\/centralmedia.rs\/index.php\/wp-json\/wp\/v2\/posts"}],"about":[{"href":"https:\/\/centralmedia.rs\/index.php\/wp-json\/wp\/v2\/types\/post"}],"author":[{"embeddable":true,"href":"https:\/\/centralmedia.rs\/index.php\/wp-json\/wp\/v2\/users\/4"}],"replies":[{"embeddable":true,"href":"https:\/\/centralmedia.rs\/index.php\/wp-json\/wp\/v2\/comments?post=11018"}],"version-history":[{"count":1,"href":"https:\/\/centralmedia.rs\/index.php\/wp-json\/wp\/v2\/posts\/11018\/revisions"}],"predecessor-version":[{"id":11020,"href":"https:\/\/centralmedia.rs\/index.php\/wp-json\/wp\/v2\/posts\/11018\/revisions\/11020"}],"wp:featuredmedia":[{"embeddable":true,"href":"https:\/\/centralmedia.rs\/index.php\/wp-json\/wp\/v2\/media\/11019"}],"wp:attachment":[{"href":"https:\/\/centralmedia.rs\/index.php\/wp-json\/wp\/v2\/media?parent=11018"}],"wp:term":[{"taxonomy":"category","embeddable":true,"href":"https:\/\/centralmedia.rs\/index.php\/wp-json\/wp\/v2\/categories?post=11018"},{"taxonomy":"post_tag","embeddable":true,"href":"https:\/\/centralmedia.rs\/index.php\/wp-json\/wp\/v2\/tags?post=11018"}],"curies":[{"name":"wp","href":"https:\/\/api.w.org\/{rel}","templated":true}]}}